{"id":11809,"date":"2023-02-21T03:20:27","date_gmt":"2023-02-21T03:20:27","guid":{"rendered":"https:\/\/www.notiflashmexiquense.com.mx\/?p=11809"},"modified":"2023-02-21T03:20:31","modified_gmt":"2023-02-21T03:20:31","slug":"lleva-naucalpan-festival-cine-minuto-a-la-pantalla-grande","status":"publish","type":"post","link":"https:\/\/www.notiflashmexiquense.com.mx\/?p=11809","title":{"rendered":"LLEVA NAUCALPAN \u2018FESTIVAL CINE MINUTO\u2019 A LA PANTALLA GRANDE"},"content":{"rendered":"\n<ul class=\"wp-block-list\">\n<li>Proyectan en sala de cine videos de estudiantes grabados con celular sobre lo que significa vivir en Naucalpan.<\/li>\n<\/ul>\n\n\n\n<p>Durante la primera edici\u00f3n del \u2018Festival Cine Minuto\u2019 que organiz\u00f3 el gobierno municipal, alumnos de primarias, secundarias y preparatorias p\u00fablicas tuvieron la oportunidad de convertirse en peque\u00f1os productores de cine y mostrar a trav\u00e9s de su lente, lo que para ellos significa vivir en el municipio de Naucalpan.<\/p>\n\n\n\n<p>La titular de la Direcci\u00f3n General de Cultura y Educaci\u00f3n, Leticia Buitr\u00f3n Cornejo, indic\u00f3 que este proyecto se desarrolla por instrucciones de la alcaldesa Ang\u00e9lica Moya Mar\u00edn con el objetivo de generar identidad entre los naucalpenses y principalmente en ni\u00f1os y j\u00f3venes, que son el presente y futuro del municipio.<\/p>\n\n\n\n<p>Se\u00f1al\u00f3 que durante la realizaci\u00f3n de los cortometrajes, que tuvieron una duraci\u00f3n de un minuto y que fueron grabados con celulares, los participantes aprendieron nuevas herramientas de convivencia y conceptos de cine y producci\u00f3n que podr\u00e1n aplicar en su desarrollo educativo.<\/p>\n\n\n\n<p>Buitr\u00f3n Cornejo refiri\u00f3 que durante el 2023 se realizar\u00e1n diversas ediciones del Festival Cine Minuto, por lo que invit\u00f3 a los estudiantes a mantenerse al pendiente de la p\u00e1gina oficial del Ayuntamiento, as\u00ed como de las redes oficiales para consultar las pr\u00f3ximas convocatorias en donde se publicar\u00e1n las instrucciones y requisitos para la realizaci\u00f3n de estos cortometrajes.<\/p>\n\n\n\n<p>Entre palomitas, refrescos, golosinas y un ambiente de sana convivencia, el p\u00fablico que asisti\u00f3 a las salas de CineStar en San Mateo\u00b4s Plaza disfrutaron m\u00e1s de 20 cortometrajes en los que se plasmaron lugares emblem\u00e1ticos de Naucalpan como el Acueducto y la Bas\u00edlica de Los Remedios, el \u2018Mono de Fierro\u2019, la Pir\u00e1mide del Conde, mercados municipales, ente otros, adem\u00e1s de la cotidianidad de los naucalpenses.<\/p>\n\n\n\n<p>El peque\u00f1o Axel, estudiante de la primaria \u2018Libertad\u2019, mostr\u00f3 durante su cortometraje c\u00f3mo viven los habitantes de La Macha II y los lugares que visita en compa\u00f1\u00eda de su familia y amigos, como las canchas de basquetbol, futbol, el parque y la biblioteca, as\u00ed como las leyendas urbanas que aqu\u00ed se cuentan, por ejemplo, la aparici\u00f3n hace varios a\u00f1os de La Llorona en el r\u00edo que atraviesa por su comunidad.<\/p>\n\n\n\n<p>Por su parte, la supervisora de la zona escolar V017, Mar\u00e1 Rosalinda Herrera P\u00e9rez, calific\u00f3 a este proyecto de novedoso e incluyente y reconoci\u00f3 el trabajo de las autoridades municipales para realizar acciones en beneficio de la comunidad estudiantil.<\/p>\n\n\n\n<p>\u201cLos ni\u00f1os se la creen y se emocionan al verse en la pantalla grande, fue algo muy enriquecedor ver a los alumnos mostrando las bondades y problem\u00e1ticas de sus comunidades, hoy vimos a Naucalpan desde los ojos de estos peque\u00f1os y es algo muy conmovedor\u201d, expres\u00f3.<\/p>\n","protected":false},"excerpt":{"rendered":"<p>Durante la primera edici&oacute;n del &lsquo;Festival Cine Minuto&rsquo; que organiz&oacute; el gobierno municipal, alumnos de&#8230;<\/p>\n","protected":false},"author":1,"featured_media":11810,"comment_status":"closed","ping_status":"closed","sticky":false,"template":"","format":"standard","meta":{"footnotes":""},"categories":[45],"tags":[],"class_list":["post-11809","post","type-post","status-publish","format-standard","has-post-thumbnail","hentry","category-atizapan-de-zaragoza"],"_links":{"self":[{"href":"https:\/\/www.notiflashmexiquense.com.mx\/index.php?rest_route=\/wp\/v2\/posts\/11809","targetHints":{"allow":["GET"]}}],"collection":[{"href":"https:\/\/www.notiflashmexiquense.com.mx\/index.php?rest_route=\/wp\/v2\/posts"}],"about":[{"href":"https:\/\/www.notiflashmexiquense.com.mx\/index.php?rest_route=\/wp\/v2\/types\/post"}],"author":[{"embeddable":true,"href":"https:\/\/www.notiflashmexiquense.com.mx\/index.php?rest_route=\/wp\/v2\/users\/1"}],"replies":[{"embeddable":true,"href":"https:\/\/www.notiflashmexiquense.com.mx\/index.php?rest_route=%2Fwp%2Fv2%2Fcomments&post=11809"}],"version-history":[{"count":1,"href":"https:\/\/www.notiflashmexiquense.com.mx\/index.php?rest_route=\/wp\/v2\/posts\/11809\/revisions"}],"predecessor-version":[{"id":11811,"href":"https:\/\/www.notiflashmexiquense.com.mx\/index.php?rest_route=\/wp\/v2\/posts\/11809\/revisions\/11811"}],"wp:featuredmedia":[{"embeddable":true,"href":"https:\/\/www.notiflashmexiquense.com.mx\/index.php?rest_route=\/wp\/v2\/media\/11810"}],"wp:attachment":[{"href":"https:\/\/www.notiflashmexiquense.com.mx\/index.php?rest_route=%2Fwp%2Fv2%2Fmedia&parent=11809"}],"wp:term":[{"taxonomy":"category","embeddable":true,"href":"https:\/\/www.notiflashmexiquense.com.mx\/index.php?rest_route=%2Fwp%2Fv2%2Fcategories&post=11809"},{"taxonomy":"post_tag","embeddable":true,"href":"https:\/\/www.notiflashmexiquense.com.mx\/index.php?rest_route=%2Fwp%2Fv2%2Ftags&post=11809"}],"curies":[{"name":"wp","href":"https:\/\/api.w.org\/{rel}","templated":true}]}}