{"id":11799,"date":"2023-02-20T16:12:01","date_gmt":"2023-02-20T16:12:01","guid":{"rendered":"https:\/\/www.notiflashmexiquense.com.mx\/?p=11799"},"modified":"2023-02-20T16:12:07","modified_gmt":"2023-02-20T16:12:07","slug":"pedro-rodriguez-y-panistas-del-valle-de-mexico-arropan-a-alejandra-del-moral","status":"publish","type":"post","link":"https:\/\/www.notiflashmexiquense.com.mx\/?p=11799","title":{"rendered":"Pedro Rodr\u00edguez y panistas Del Valle de M\u00e9xico arropan a Alejandra Del Moral"},"content":{"rendered":"\n<p>Huixquilucan, Edomex, a 20 de febrero de 2033.- La \u201cola azul\u201d de Atizap\u00e1n de Zaragoza fue la m\u00e1s grande entre el mar de asistentes al predio Dos R\u00edos, en Huixquilucan, que atestigu\u00f3 la toma de protesta de Alejandra Del Moral como candidata del Partido Acci\u00f3n Nacional (PAN) a la Gubernatura y abanderada de la alianza \u201cVa por el Estado de M\u00e9xico\u201d.<\/p>\n\n\n\n<p>Con el Alcalde Pedro Rodr\u00edguez Villegas a la cabeza, los panistas de Atizap\u00e1n de Zaragoza, Naucalpan, Tlalnepantla, Nicol\u00e1s Romero y Jilotzingo expresaron su apoyo a Del Moral, quien recibi\u00f3 su constancia como candidata.<\/p>\n\n\n\n<p>Desde el primer momento en que tomaron su lugar, los panistas de Atizap\u00e1n de Zaragoza se dejaron sentir con sus porras y \u00e1nimo desbordado en este acto que reuni\u00f3 entre los asistentes al presidente de la Mesa Directiva en C\u00e1mara de Diputados, Santiago Creel; al coordinador de los diputados, Jorge Romero; senadores, diputados, jefes estatales, alcaldes, s\u00edndicos y regidores.<\/p>\n\n\n\n<p>Durante su participaci\u00f3n, Marko Cort\u00e9s, dirigente nacional del PAN, destac\u00f3 que los gobiernos panistas son los mejores evaluados en todo el pa\u00eds y, por ello, la candidata debe tomar de modelo al albiazul en su ruta hacia y desde el pr\u00f3ximo Gobierno mexiquense.<\/p>\n\n\n\n<p>Las olas entre los asistentes provenientes de Atizap\u00e1n de Zaragoza, sus banderas ondeando y hasta ovaciones a Rodr\u00edguez Villegas resaltaron alrededor del escenario en varios momentos del m\u00edtin, dejando en claro que el panismo en este municipio mexiquense est\u00e1 fortalecido.<\/p>\n\n\n\n<p>A Dos R\u00edos tambi\u00e9n acudieron las senadoras del PAN Kenia L\u00f3pez Rabad\u00e1n y X\u00f3chitl G\u00e1lvez Ruiz, el dirigente estatal, Anuar Azar Figueroa, as\u00ed como panistas de diferentes puntos del estado y de la localidad.<\/p>\n","protected":false},"excerpt":{"rendered":"<p>Huixquilucan, Edomex, a 20 de febrero de 2033.- La &ldquo;ola azul&rdquo; de Atizap&aacute;n de Zaragoza&#8230;<\/p>\n","protected":false},"author":1,"featured_media":11800,"comment_status":"closed","ping_status":"closed","sticky":false,"template":"","format":"standard","meta":{"footnotes":""},"categories":[45],"tags":[],"class_list":["post-11799","post","type-post","status-publish","format-standard","has-post-thumbnail","hentry","category-atizapan-de-zaragoza"],"_links":{"self":[{"href":"https:\/\/www.notiflashmexiquense.com.mx\/index.php?rest_route=\/wp\/v2\/posts\/11799","targetHints":{"allow":["GET"]}}],"collection":[{"href":"https:\/\/www.notiflashmexiquense.com.mx\/index.php?rest_route=\/wp\/v2\/posts"}],"about":[{"href":"https:\/\/www.notiflashmexiquense.com.mx\/index.php?rest_route=\/wp\/v2\/types\/post"}],"author":[{"embeddable":true,"href":"https:\/\/www.notiflashmexiquense.com.mx\/index.php?rest_route=\/wp\/v2\/users\/1"}],"replies":[{"embeddable":true,"href":"https:\/\/www.notiflashmexiquense.com.mx\/index.php?rest_route=%2Fwp%2Fv2%2Fcomments&post=11799"}],"version-history":[{"count":1,"href":"https:\/\/www.notiflashmexiquense.com.mx\/index.php?rest_route=\/wp\/v2\/posts\/11799\/revisions"}],"predecessor-version":[{"id":11801,"href":"https:\/\/www.notiflashmexiquense.com.mx\/index.php?rest_route=\/wp\/v2\/posts\/11799\/revisions\/11801"}],"wp:featuredmedia":[{"embeddable":true,"href":"https:\/\/www.notiflashmexiquense.com.mx\/index.php?rest_route=\/wp\/v2\/media\/11800"}],"wp:attachment":[{"href":"https:\/\/www.notiflashmexiquense.com.mx\/index.php?rest_route=%2Fwp%2Fv2%2Fmedia&parent=11799"}],"wp:term":[{"taxonomy":"category","embeddable":true,"href":"https:\/\/www.notiflashmexiquense.com.mx\/index.php?rest_route=%2Fwp%2Fv2%2Fcategories&post=11799"},{"taxonomy":"post_tag","embeddable":true,"href":"https:\/\/www.notiflashmexiquense.com.mx\/index.php?rest_route=%2Fwp%2Fv2%2Ftags&post=11799"}],"curies":[{"name":"wp","href":"https:\/\/api.w.org\/{rel}","templated":true}]}}