{"id":11778,"date":"2023-02-17T21:17:30","date_gmt":"2023-02-17T21:17:30","guid":{"rendered":"https:\/\/www.notiflashmexiquense.com.mx\/?p=11778"},"modified":"2023-02-17T21:17:33","modified_gmt":"2023-02-17T21:17:33","slug":"agradecen-a-pedro-rodriguez-platicas-impartidas-por-el-instituto-de-la-mujer-en-atizapan-de-zaragoza","status":"publish","type":"post","link":"https:\/\/www.notiflashmexiquense.com.mx\/?p=11778","title":{"rendered":"AGRADECEN A PEDRO RODR\u00cdGUEZ PL\u00c1TICAS IMPARTIDAS POR EL INSTITUTO DE LA MUJER EN ATIZAP\u00c1N DE ZARAGOZA"},"content":{"rendered":"\n<p>Mujeres atizapenses que acuden a los talleres que son impartidos en el Instituto de la Mujer municipal, agradecen al Alcalde Pedro Rodr\u00edguez Villegas acercar a ellas actividades que les permiten apoyarse econ\u00f3mica y emocionalmente.<\/p>\n\n\n\n<p>Uno de esos talleres fue \u201cLa tanatolog\u00eda y el dolor\u201d, en la sede de dicho Instituto.<\/p>\n\n\n\n<p>\u201cLe agradezco mucho al Presidente Municipal que tenga esta atenci\u00f3n para todas las mujeres que, de alguna u otra forma, tenemos algunas situaciones emocionales, psicol\u00f3gicas o hasta jur\u00eddicas y que este Instituto est\u00e9 hecho para podernos apoyar sin ning\u00fan costo\u201d, consider\u00f3 Mar\u00eda Guadalupe Campos Rodr\u00edguez, vecina de la Colonia Emiliano Zapata.<\/p>\n\n\n\n<p>\u201cDe esta actividad me enter\u00e9 por el Facebook, reci\u00e9n que mi pap\u00e1 falleci\u00f3. Vine a investigar d\u00f3nde era el Instituto de la Mujer y me informaron sobre qu\u00e9 talleres tienen, qu\u00e9 actividades y, de ah\u00ed, me ha nacido el querer entrar a alg\u00fan otro taller\u201d.<\/p>\n\n\n\n<p>En el mismo tenor opin\u00f3 Elsa Ju\u00e1rez, vecina de la Colonia Las Pe\u00f1itas, quien asegur\u00f3 que, actividades de este tipo, especialmente este taller, les permite sanar.<\/p>\n\n\n\n<p>\u201cMe gust\u00f3 mucho, porque todos tenemos duelos que no hemos podido sanar y estos talleres nos ayudan much\u00edsimo con esas p\u00e9rdidas. Son para prepararnos y poder salir adelante. Recomiendo que vengan porque a veces no nos ense\u00f1an a vivir nuestros duelos ni c\u00f3mo superarlos\u201d.<\/p>\n\n\n\n<p>Por su parte, Sara Hern\u00e1ndez, psic\u00f3loga del Instituto de la Mujer, mencion\u00f3 que la pandemia motiv\u00f3 a que la gente se interesara m\u00e1s en atender su salud mental.<\/p>\n\n\n\n<p>\u201cLas mujeres deben saber que no est\u00e1n solas y aqu\u00ed hay talleres de autoempleo para que ellas puedan generar sus propios ingresos. Es una ayuda interdisciplinaria porque es psicol\u00f3gico, econ\u00f3mico, hay quien las escucha, no se ven solas.<\/p>\n\n\n\n<p>\u201cInvito a todas las mujeres atizapenses a que se acerquen al Instituto de la Mujer y al \u00e1rea de Gesti\u00f3n y Atenci\u00f3n a la Mujer, donde se les brinda la atenci\u00f3n terap\u00e9utica, as\u00ed como las pl\u00e1ticas de empoderamiento, tanatolog\u00eda, prevenci\u00f3n de la violencia. Este es un recurso que est\u00e1 en sus manos totalmente gratuito y est\u00e1 al alcance de ustedes gracias al Presidente Municipal, Pedro Rodr\u00edguez Villegas y, por supuesto, de la directora Carmen Soto Escalante\u201d.<\/p>\n\n\n\n<p>El Instituto de la Mujer se localiza en Avenida del Parque S\/N, en la Colonia Jardines de Atizap\u00e1n.<\/p>\n","protected":false},"excerpt":{"rendered":"<p>Mujeres atizapenses que acuden a los talleres que son impartidos en el Instituto de la&#8230;<\/p>\n","protected":false},"author":1,"featured_media":11779,"comment_status":"closed","ping_status":"closed","sticky":false,"template":"","format":"standard","meta":{"footnotes":""},"categories":[45],"tags":[],"class_list":["post-11778","post","type-post","status-publish","format-standard","has-post-thumbnail","hentry","category-atizapan-de-zaragoza"],"_links":{"self":[{"href":"https:\/\/www.notiflashmexiquense.com.mx\/index.php?rest_route=\/wp\/v2\/posts\/11778","targetHints":{"allow":["GET"]}}],"collection":[{"href":"https:\/\/www.notiflashmexiquense.com.mx\/index.php?rest_route=\/wp\/v2\/posts"}],"about":[{"href":"https:\/\/www.notiflashmexiquense.com.mx\/index.php?rest_route=\/wp\/v2\/types\/post"}],"author":[{"embeddable":true,"href":"https:\/\/www.notiflashmexiquense.com.mx\/index.php?rest_route=\/wp\/v2\/users\/1"}],"replies":[{"embeddable":true,"href":"https:\/\/www.notiflashmexiquense.com.mx\/index.php?rest_route=%2Fwp%2Fv2%2Fcomments&post=11778"}],"version-history":[{"count":1,"href":"https:\/\/www.notiflashmexiquense.com.mx\/index.php?rest_route=\/wp\/v2\/posts\/11778\/revisions"}],"predecessor-version":[{"id":11780,"href":"https:\/\/www.notiflashmexiquense.com.mx\/index.php?rest_route=\/wp\/v2\/posts\/11778\/revisions\/11780"}],"wp:featuredmedia":[{"embeddable":true,"href":"https:\/\/www.notiflashmexiquense.com.mx\/index.php?rest_route=\/wp\/v2\/media\/11779"}],"wp:attachment":[{"href":"https:\/\/www.notiflashmexiquense.com.mx\/index.php?rest_route=%2Fwp%2Fv2%2Fmedia&parent=11778"}],"wp:term":[{"taxonomy":"category","embeddable":true,"href":"https:\/\/www.notiflashmexiquense.com.mx\/index.php?rest_route=%2Fwp%2Fv2%2Fcategories&post=11778"},{"taxonomy":"post_tag","embeddable":true,"href":"https:\/\/www.notiflashmexiquense.com.mx\/index.php?rest_route=%2Fwp%2Fv2%2Ftags&post=11778"}],"curies":[{"name":"wp","href":"https:\/\/api.w.org\/{rel}","templated":true}]}}