{"id":11771,"date":"2023-02-17T00:20:25","date_gmt":"2023-02-17T00:20:25","guid":{"rendered":"https:\/\/www.notiflashmexiquense.com.mx\/?p=11771"},"modified":"2023-02-17T20:49:46","modified_gmt":"2023-02-17T20:49:46","slug":"intentaban-robar-vallas-de-proteccion-de-la-carretara-los-agarran-infraganti","status":"publish","type":"post","link":"https:\/\/www.notiflashmexiquense.com.mx\/?p=11771","title":{"rendered":"INTENTABAN ROBAR VALLAS DE PROTECCI\u00d3N DE LA CARRETERA, LOS AGARRAN INFRAGANTI"},"content":{"rendered":"\n<ul class=\"wp-block-list\">\n<li>Polic\u00edas municipales de Naucalpan detienen en las \u00faltimas horas a cinco probables responsables de diversos delitos.<\/li>\n<\/ul>\n\n\n\n<p>A plena luz del d\u00eda, a la altura del kil\u00f3metro 22.5 de la carretera Naucalpan-Toluca, polic\u00edas municipales sorprendieron en flagrancia a dos sujetos que desatornillaban y desmontaban las vallas met\u00e1licas de protecci\u00f3n de esta vialidad federal para presuntamente robarlas, por lo que fueron presentados ante el Ministerio P\u00fablico.<\/p>\n\n\n\n<p>La Direcci\u00f3n de Seguridad Ciudadana y Movilidad Segura del municipio inform\u00f3 que ayer, alrededor de las 15:20 horas, agentes de la 22 Zona Policial realizaban un recorrido sobre la carretera cuando se percataron que dos hombres se encontraban retirando las barras met\u00e1licas, en aproximadamente 15 metros de longitud, por lo que descendieron de su unidad.<\/p>\n\n\n\n<p>Al hacerles una inspecci\u00f3n a Ferm\u00edn \u2018N\u2019 de 34 a\u00f1os y Armando \u2018N\u2019 de 22, portaban un cuchillo de aproximadamente 20 cent\u00edmetros de un solo filo y un cuchillo de 10 cent\u00edmetros, marca Stainless, adem\u00e1s de que en el lugar se hall\u00f3 herramienta diversa, por lo que fueron trasladados a la Fiscal\u00eda Regional de Naucalpan para aclarar su situaci\u00f3n jur\u00eddica.<\/p>\n\n\n\n<p>En otras acciones, elementos de Seguridad Ciudadana detuvieron a dos sujetos, Juan \u2018N\u2019 y Alejandro \u2018N\u2019, por portaci\u00f3n de una r\u00e9plica de arma de fuego cuando circulaban en un veh\u00edculo mini Cooper 2012 con placas de circulaci\u00f3n del Estado de M\u00e9xico, por la avenida Circuito Centro Comercial en Ciudad Sat\u00e9lite.<\/p>\n\n\n\n<p>Asimismo, un motociclista fue asegurado y presentado a la Fiscal\u00eda Regional de Naucalpan como probable responsable del delito de \u2018encubrimiento por receptaci\u00f3n\u2019, luego de que, al realizar un control preventivo de moto segura en la Avenida de las Fuentes, en Lomas de Tecamachalco, se detect\u00f3 que las placas del veh\u00edculo contaban con reporte de robo en Plataforma M\u00e9xico.<\/p>\n","protected":false},"excerpt":{"rendered":"<p>A plena luz del d&iacute;a, a la altura del kil&oacute;metro 22.5 de la carretera Naucalpan-Toluca,&#8230;<\/p>\n","protected":false},"author":1,"featured_media":11772,"comment_status":"closed","ping_status":"closed","sticky":false,"template":"","format":"standard","meta":{"footnotes":""},"categories":[45],"tags":[],"class_list":["post-11771","post","type-post","status-publish","format-standard","has-post-thumbnail","hentry","category-atizapan-de-zaragoza"],"_links":{"self":[{"href":"https:\/\/www.notiflashmexiquense.com.mx\/index.php?rest_route=\/wp\/v2\/posts\/11771","targetHints":{"allow":["GET"]}}],"collection":[{"href":"https:\/\/www.notiflashmexiquense.com.mx\/index.php?rest_route=\/wp\/v2\/posts"}],"about":[{"href":"https:\/\/www.notiflashmexiquense.com.mx\/index.php?rest_route=\/wp\/v2\/types\/post"}],"author":[{"embeddable":true,"href":"https:\/\/www.notiflashmexiquense.com.mx\/index.php?rest_route=\/wp\/v2\/users\/1"}],"replies":[{"embeddable":true,"href":"https:\/\/www.notiflashmexiquense.com.mx\/index.php?rest_route=%2Fwp%2Fv2%2Fcomments&post=11771"}],"version-history":[{"count":2,"href":"https:\/\/www.notiflashmexiquense.com.mx\/index.php?rest_route=\/wp\/v2\/posts\/11771\/revisions"}],"predecessor-version":[{"id":11774,"href":"https:\/\/www.notiflashmexiquense.com.mx\/index.php?rest_route=\/wp\/v2\/posts\/11771\/revisions\/11774"}],"wp:featuredmedia":[{"embeddable":true,"href":"https:\/\/www.notiflashmexiquense.com.mx\/index.php?rest_route=\/wp\/v2\/media\/11772"}],"wp:attachment":[{"href":"https:\/\/www.notiflashmexiquense.com.mx\/index.php?rest_route=%2Fwp%2Fv2%2Fmedia&parent=11771"}],"wp:term":[{"taxonomy":"category","embeddable":true,"href":"https:\/\/www.notiflashmexiquense.com.mx\/index.php?rest_route=%2Fwp%2Fv2%2Fcategories&post=11771"},{"taxonomy":"post_tag","embeddable":true,"href":"https:\/\/www.notiflashmexiquense.com.mx\/index.php?rest_route=%2Fwp%2Fv2%2Ftags&post=11771"}],"curies":[{"name":"wp","href":"https:\/\/api.w.org\/{rel}","templated":true}]}}