{"id":11768,"date":"2023-02-16T23:52:34","date_gmt":"2023-02-16T23:52:34","guid":{"rendered":"https:\/\/www.notiflashmexiquense.com.mx\/?p=11768"},"modified":"2023-02-16T23:52:37","modified_gmt":"2023-02-16T23:52:37","slug":"en-naucalpan-localizan-a-adolescente-que-se-ausento-de-manera-voluntaria","status":"publish","type":"post","link":"https:\/\/www.notiflashmexiquense.com.mx\/?p=11768","title":{"rendered":"EN NAUCALPAN LOCALIZAN A ADOLESCENTE QUE SE AUSENT\u00d3 DE MANERA VOLUNTARIA"},"content":{"rendered":"\n<ul class=\"wp-block-list\">\n<li>La madre y la adolescente de 17 a\u00f1os acudir\u00e1n a terapia y se les realizar\u00e1n valoraciones psicol\u00f3gicas.<\/li>\n<\/ul>\n\n\n\n<p>Como resultado del trabajo de diversas dependencias del gobierno de Naucalpan, fue reintegrada a su hogar una adolescente que se ausent\u00f3 de manera voluntaria debido a problemas con su mam\u00e1, por lo que especialistas del DIF municipal intervendr\u00e1n a trav\u00e9s de talleres y terapias psicol\u00f3gicas para que mejore la relaci\u00f3n familiar.<\/p>\n\n\n\n<p>Elementos de la Direcci\u00f3n General de Seguridad Ciudadana y Movilidad Segura atendieron un reporte realizado a trav\u00e9s del C-4, sobre una adolescente de 17 a\u00f1os que huy\u00f3 de su familia cuando se encontraba en el centro comercial La C\u00faspide, en la cuarta secci\u00f3n de Lomas Verdes, llev\u00e1ndose las llaves de su casa y del veh\u00edculo en el que se transportaban.<\/p>\n\n\n\n<p>Los polic\u00edas municipales implementaron un operativo de b\u00fasqueda que incluy\u00f3 una visita al domicilio familiar, ubicado cerca del centro comercial, en el fraccionamiento Lomas de Bellavista, en Atizap\u00e1n, para verificar si hab\u00eda regresado al hogar, donde no se encontr\u00f3.<\/p>\n\n\n\n<p>Adem\u00e1s, efectuaron recorridos por calles y avenidas de la zona para lograr ubicar a la adolescente que al momento de desaparecer vest\u00eda pants, tenis y sudadera negra, esta \u00faltima con letras color rosa ne\u00f3n.<\/p>\n\n\n\n<p>La adolescente fue localizada sobre avenida Fuentes de Sat\u00e9lite, a la altura del restaurante \u2018El Paisano\u2019, donde qued\u00f3 bajo resguardo de los elementos de seguridad, que pidieron el apoyo de la Polic\u00eda de G\u00e9nero, la Coordinaci\u00f3n Municipal de Protecci\u00f3n Civil y Bomberos, as\u00ed como del Sistema Municipal para el Desarrollo Integral de la Familia (SMDIF).<\/p>\n\n\n\n<p>El titular de la Procuradur\u00eda Municipal para la Protecci\u00f3n de Ni\u00f1as, Ni\u00f1os y Adolescentes del SMDIF, Eduardo \u00c1valos Gonz\u00e1lez, quien se present\u00f3 en el lugar, indic\u00f3 que la menor de edad se negaba a regresar a su hogar por diferencias con la mam\u00e1 y que el personal param\u00e9dico que la valor\u00f3 no encontr\u00f3 se\u00f1ales de maltrato.<\/p>\n\n\n\n<p>Se\u00f1al\u00f3 que por instrucciones de la titular del SMDIF, Cynthia Elizondo Basurto, se dialog\u00f3 con ambas y se acord\u00f3 que acudir\u00e1n a terapia psicol\u00f3gica y la mam\u00e1 al taller Crianza Positiva que imparte la procuradur\u00eda, adem\u00e1s de que se efectuar\u00e1n valoraciones psicol\u00f3gicas de seguimiento para garantizar la integridad y derechos de la adolescente, quien fue reintegrada con su familia.<\/p>\n","protected":false},"excerpt":{"rendered":"<p>Como resultado del trabajo de diversas dependencias del gobierno de Naucalpan, fue reintegrada a su&#8230;<\/p>\n","protected":false},"author":1,"featured_media":11769,"comment_status":"closed","ping_status":"closed","sticky":false,"template":"","format":"standard","meta":{"footnotes":""},"categories":[45],"tags":[],"class_list":["post-11768","post","type-post","status-publish","format-standard","has-post-thumbnail","hentry","category-atizapan-de-zaragoza"],"_links":{"self":[{"href":"https:\/\/www.notiflashmexiquense.com.mx\/index.php?rest_route=\/wp\/v2\/posts\/11768","targetHints":{"allow":["GET"]}}],"collection":[{"href":"https:\/\/www.notiflashmexiquense.com.mx\/index.php?rest_route=\/wp\/v2\/posts"}],"about":[{"href":"https:\/\/www.notiflashmexiquense.com.mx\/index.php?rest_route=\/wp\/v2\/types\/post"}],"author":[{"embeddable":true,"href":"https:\/\/www.notiflashmexiquense.com.mx\/index.php?rest_route=\/wp\/v2\/users\/1"}],"replies":[{"embeddable":true,"href":"https:\/\/www.notiflashmexiquense.com.mx\/index.php?rest_route=%2Fwp%2Fv2%2Fcomments&post=11768"}],"version-history":[{"count":1,"href":"https:\/\/www.notiflashmexiquense.com.mx\/index.php?rest_route=\/wp\/v2\/posts\/11768\/revisions"}],"predecessor-version":[{"id":11770,"href":"https:\/\/www.notiflashmexiquense.com.mx\/index.php?rest_route=\/wp\/v2\/posts\/11768\/revisions\/11770"}],"wp:featuredmedia":[{"embeddable":true,"href":"https:\/\/www.notiflashmexiquense.com.mx\/index.php?rest_route=\/wp\/v2\/media\/11769"}],"wp:attachment":[{"href":"https:\/\/www.notiflashmexiquense.com.mx\/index.php?rest_route=%2Fwp%2Fv2%2Fmedia&parent=11768"}],"wp:term":[{"taxonomy":"category","embeddable":true,"href":"https:\/\/www.notiflashmexiquense.com.mx\/index.php?rest_route=%2Fwp%2Fv2%2Fcategories&post=11768"},{"taxonomy":"post_tag","embeddable":true,"href":"https:\/\/www.notiflashmexiquense.com.mx\/index.php?rest_route=%2Fwp%2Fv2%2Ftags&post=11768"}],"curies":[{"name":"wp","href":"https:\/\/api.w.org\/{rel}","templated":true}]}}