{"id":11750,"date":"2023-02-14T21:29:36","date_gmt":"2023-02-14T21:29:36","guid":{"rendered":"https:\/\/www.notiflashmexiquense.com.mx\/?p=11750"},"modified":"2023-02-14T21:29:39","modified_gmt":"2023-02-14T21:29:39","slug":"policia-de-naucalpan-detiene-a-tres-por-robo-a-mano-armada","status":"publish","type":"post","link":"https:\/\/www.notiflashmexiquense.com.mx\/?p=11750","title":{"rendered":"POLIC\u00cdA DE NAUCALPAN DETIENE A TRES POR ROBO A MANO ARMADA"},"content":{"rendered":"\n<ul class=\"wp-block-list\">\n<li>Suman cinco j\u00f3venes detenidos en los \u00faltimos d\u00edas por utilizar motocicletas para robar a transe\u00fantes.<\/li>\n<\/ul>\n\n\n\n<p>Tres sujetos que presuntamente robaban a mano armada a bordo de motocicletas en Naucalpan, fueron asegurados por polic\u00edas municipales en la colonia Miramar; dos de ellos eran menores de edad.<\/p>\n\n\n\n<p>La Direcci\u00f3n de Seguridad Ciudadana y Movilidad Segura inform\u00f3 que uniformados patrullaban sobre la avenida Naucalpan, a la altura de la calle Violeta de la colonia mencionada, cuando dos mujeres solicitaron su ayuda porque hab\u00edan sido despojadas de sus celulares por tres sujetos a bordo de dos motocicletas.<\/p>\n\n\n\n<p>De inmediato, los oficiales desplegaron un operativo de b\u00fasqueda y calles adelante del lugar de los hechos lograron la ubicaci\u00f3n de los presuntos delincuentes, por lo que dieron inicio a una persecuci\u00f3n.<\/p>\n\n\n\n<p>Al darse cuenta de la presencia policiaca, uno de los motociclistas perdi\u00f3 el control de la unidad al brincar un tope en la avenida R\u00edo Hondo, por lo que derrap\u00f3 y se impact\u00f3 contra una barda. El conductor de la segunda moto detuvo su marcha para auxiliar a sus dos supuestos c\u00f3mplices.<\/p>\n\n\n\n<p>Los elementos de la corporaci\u00f3n aseguraron a los tres sujetos, a uno de ellos, de 16 a\u00f1os de edad y conductor de una motocicleta marca Italika 150 color gris, no se le encontr\u00f3 nada en su persona al ser revisado.<\/p>\n\n\n\n<p>A quien se identific\u00f3 como Jes\u00fas \u2018N\u2019, de 22 a\u00f1os, le fue hallado un cuchillo de 29 cent\u00edmetros y al otro menor, tambi\u00e9n de 16 a\u00f1os, quien tripulaba una motocicleta marca Italika 123 color roja sin placas de circulaci\u00f3n, portaba una r\u00e9plica de arma de fuego tipo escuadra; adem\u00e1s, le fueron encontrados los dos tel\u00e9fonos celulares, marcas Samsung y Oppo, de las dos mujeres que solicitaron auxilio.<\/p>\n\n\n\n<p>Los tres presuntos responsables fueron trasladados a la Fiscal\u00eda Regional de Naucalpan para determinar su situaci\u00f3n jur\u00eddica, donde tambi\u00e9n las v\u00edctimas acudieron a emitir su declaraci\u00f3n.<\/p>\n\n\n\n<p>Cabe destacar que uno de los motociclistas que derraparon fue revisado por un param\u00e9dico de Protecci\u00f3n Civil municipal y no amerit\u00f3 traslado a alg\u00fan hospital dado que sus lesiones no fueron de gravedad. De igual forma, las motocicletas no contaban con reporte de robo en Plataforma M\u00e9xico y las personas detenidas no ten\u00edan mandamientos judiciales.<\/p>\n","protected":false},"excerpt":{"rendered":"<p>Tres sujetos que presuntamente robaban a mano armada a bordo de motocicletas en Naucalpan, fueron&#8230;<\/p>\n","protected":false},"author":1,"featured_media":11751,"comment_status":"closed","ping_status":"closed","sticky":false,"template":"","format":"standard","meta":{"footnotes":""},"categories":[45],"tags":[],"class_list":["post-11750","post","type-post","status-publish","format-standard","has-post-thumbnail","hentry","category-atizapan-de-zaragoza"],"_links":{"self":[{"href":"https:\/\/www.notiflashmexiquense.com.mx\/index.php?rest_route=\/wp\/v2\/posts\/11750","targetHints":{"allow":["GET"]}}],"collection":[{"href":"https:\/\/www.notiflashmexiquense.com.mx\/index.php?rest_route=\/wp\/v2\/posts"}],"about":[{"href":"https:\/\/www.notiflashmexiquense.com.mx\/index.php?rest_route=\/wp\/v2\/types\/post"}],"author":[{"embeddable":true,"href":"https:\/\/www.notiflashmexiquense.com.mx\/index.php?rest_route=\/wp\/v2\/users\/1"}],"replies":[{"embeddable":true,"href":"https:\/\/www.notiflashmexiquense.com.mx\/index.php?rest_route=%2Fwp%2Fv2%2Fcomments&post=11750"}],"version-history":[{"count":1,"href":"https:\/\/www.notiflashmexiquense.com.mx\/index.php?rest_route=\/wp\/v2\/posts\/11750\/revisions"}],"predecessor-version":[{"id":11752,"href":"https:\/\/www.notiflashmexiquense.com.mx\/index.php?rest_route=\/wp\/v2\/posts\/11750\/revisions\/11752"}],"wp:featuredmedia":[{"embeddable":true,"href":"https:\/\/www.notiflashmexiquense.com.mx\/index.php?rest_route=\/wp\/v2\/media\/11751"}],"wp:attachment":[{"href":"https:\/\/www.notiflashmexiquense.com.mx\/index.php?rest_route=%2Fwp%2Fv2%2Fmedia&parent=11750"}],"wp:term":[{"taxonomy":"category","embeddable":true,"href":"https:\/\/www.notiflashmexiquense.com.mx\/index.php?rest_route=%2Fwp%2Fv2%2Fcategories&post=11750"},{"taxonomy":"post_tag","embeddable":true,"href":"https:\/\/www.notiflashmexiquense.com.mx\/index.php?rest_route=%2Fwp%2Fv2%2Ftags&post=11750"}],"curies":[{"name":"wp","href":"https:\/\/api.w.org\/{rel}","templated":true}]}}