{"id":11742,"date":"2023-02-13T23:12:17","date_gmt":"2023-02-13T23:12:17","guid":{"rendered":"https:\/\/www.notiflashmexiquense.com.mx\/?p=11742"},"modified":"2023-02-13T23:12:21","modified_gmt":"2023-02-13T23:12:21","slug":"entrega-pedro-rodriguez-repavimentacion-de-calle-baja-california-en-la-colonia-mexico-nuevo-continua-programa-50-50-2","status":"publish","type":"post","link":"https:\/\/www.notiflashmexiquense.com.mx\/?p=11742","title":{"rendered":"ENTREGA PEDRO RODR\u00cdGUEZ REPAVIMENTACI\u00d3N DE CALLE BAJA CALIFORNIA EN LA COLONIA M\u00c9XICO NUEVO; CONTIN\u00daA PROGRAMA 50\/50"},"content":{"rendered":"\n<p>El Presidente Municipal de Atizap\u00e1n de Zaragoza, Pedro Rodr\u00edguez Villegas, y vecinos de la Colonia M\u00e9xico Nuevo inauguraron la repavimentaci\u00f3n con concreto hidr\u00e1ulico de la calle Baja California, realizada con el programa 50\/50.<\/p>\n\n\n\n<p>Esta obra que, adem\u00e1s de mejorar la imagen urbana, dignifica las vialidades y genera un entorno agradable a los habitantes del lugar, tuvo una inversi\u00f3n bipartita de autoridades y colonos.<\/p>\n\n\n\n<p>\u201cQu\u00e9 gusto estar en una obra m\u00e1s de esta Administraci\u00f3n, una obra m\u00e1s que da testimonio de que estamos trabajando. Venimos a dar respuesta a esa gran confianza que nos dieron todos los vecinos y a hacer que las cosas sucedan\u201d, dijo el Alcalde.<\/p>\n\n\n\n<p>Los trabajos constaron de pavimentaci\u00f3n con concreto hidr\u00e1ulico premezclado en un tramo de 230 metros lineales y un \u00e1rea de 1,903 metros cuadrados, de la Calle Juan Angulo a Pioneros del Cooperativismo.<\/p>\n\n\n\n<p>Entre las labores realizadas por la Direcci\u00f3n de Obras P\u00fablicas se cuentan el trazo y nivelaci\u00f3n del terreno, demolici\u00f3n del pavimento existente, pavimentaci\u00f3n con concreto hidr\u00e1ulico, y construcci\u00f3n de guarnici\u00f3n y banqueta.<\/p>\n\n\n\n<p>Tambi\u00e9n se cont\u00f3 con el apoyo de personal de las Coordinacion municipal de Protecci\u00f3n Civil y de Servicios de Agua Potable, Alcantarillado y Saneamiento de Atizap\u00e1n de Zaragoza (Sapasa) para revisi\u00f3n y reparaci\u00f3n de la l\u00ednea hidrosanitaria, de fugas de agua potable, de descargas sanitarias, y la inspecci\u00f3n y el dictamen de una mina que est\u00e1 estable.<\/p>\n\n\n\n<p>La aportaci\u00f3n total municipal fue de 1 mill\u00f3n 466 mil 184 pesos.<\/p>\n\n\n\n<p>\u201cAgradecemos, de verdad, que traigan estos programas a nuestra colonia. M\u00e9xico Nuevo es una colonia que es entrada y salida principal y queremos seguir conectando a nuestro municipio.<\/p>\n\n\n\n<p>\u201cQueremos seguir reparando m\u00e1s calles de M\u00e9xico Nuevo. Esperamos contar con el apoyo de todos ustedes y de m\u00e1s vecinos que se van a sumar\u201d, expres\u00f3 Norma Araceli Trejo, Secretaria del Consejo de Participaci\u00f3n Ciudadana (Copaci) de M\u00e9xico Nuevo.<\/p>\n\n\n\n<p>A la inauguraci\u00f3n de esta obra acudieron el comandante H\u00e9ctor Elorriaga Mej\u00eda, Coordinador municipal de Protecci\u00f3n Civil, Bomberos y Medio Ambiente; Luis Ren\u00e9 El\u00edas Ram\u00edrez, Director de Sapasa; Rodrigo S\u00e1nchez de la Pe\u00f1a, Director de Desarrollo Social; Guillermo Cabrera, Director de Innovaci\u00f3n y Comunicaci\u00f3n; Wilfrido Torres, Jefe de la Oficina de Presidencia; Enrique Geyne, Secretario T\u00e9cnico; Fredy Hern\u00e1ndez B\u00e1rcenas, Director de Educaci\u00f3n; Iv\u00e1n Jasso Aguirre, Director Jur\u00eddico; Mois\u00e9s Berm\u00fadez Ju\u00e1rez, titular de Servicios P\u00fablicos; Patricia Alonso Vargas, Directora de Desarrollo Econ\u00f3mico, y Brenda Mart\u00ednez Bautista, Directora de Juventud.<\/p>\n\n\n\n<p>Tambi\u00e9n Jes\u00fas Mendoza Rivera, Primer Regidor; Efra\u00edn Medina Moreno, Tercer Regidor; Mariana Ch\u00e1vez Reyes, Sexta Regidora, y Alfredo Agust\u00edn Ram\u00edrez Saucedo, S\u00e9ptimo Regidor.<\/p>\n\n\n\n<p>Y por parte de organismos vecinales asistieron Rosendo Olvera, presidente del Copaci de M\u00e9xico Nuevo y su Tesorero Manuel Barrag\u00e1n; los presidentes de los Copacis Manuel Hern\u00e1ndez, de Barrio Norte; Zoila Guadalupe P\u00e9rez, de la Carretera Municipal; y Fabiola Maruri y Armando Cruz, l\u00edderes tambi\u00e9n de esa comunidad.<\/p>\n","protected":false},"excerpt":{"rendered":"<p>El Presidente Municipal de Atizap&aacute;n de Zaragoza, Pedro Rodr&iacute;guez Villegas, y vecinos de la Colonia&#8230;<\/p>\n","protected":false},"author":1,"featured_media":11743,"comment_status":"closed","ping_status":"closed","sticky":false,"template":"","format":"standard","meta":{"footnotes":""},"categories":[45],"tags":[],"class_list":["post-11742","post","type-post","status-publish","format-standard","has-post-thumbnail","hentry","category-atizapan-de-zaragoza"],"_links":{"self":[{"href":"https:\/\/www.notiflashmexiquense.com.mx\/index.php?rest_route=\/wp\/v2\/posts\/11742","targetHints":{"allow":["GET"]}}],"collection":[{"href":"https:\/\/www.notiflashmexiquense.com.mx\/index.php?rest_route=\/wp\/v2\/posts"}],"about":[{"href":"https:\/\/www.notiflashmexiquense.com.mx\/index.php?rest_route=\/wp\/v2\/types\/post"}],"author":[{"embeddable":true,"href":"https:\/\/www.notiflashmexiquense.com.mx\/index.php?rest_route=\/wp\/v2\/users\/1"}],"replies":[{"embeddable":true,"href":"https:\/\/www.notiflashmexiquense.com.mx\/index.php?rest_route=%2Fwp%2Fv2%2Fcomments&post=11742"}],"version-history":[{"count":1,"href":"https:\/\/www.notiflashmexiquense.com.mx\/index.php?rest_route=\/wp\/v2\/posts\/11742\/revisions"}],"predecessor-version":[{"id":11744,"href":"https:\/\/www.notiflashmexiquense.com.mx\/index.php?rest_route=\/wp\/v2\/posts\/11742\/revisions\/11744"}],"wp:featuredmedia":[{"embeddable":true,"href":"https:\/\/www.notiflashmexiquense.com.mx\/index.php?rest_route=\/wp\/v2\/media\/11743"}],"wp:attachment":[{"href":"https:\/\/www.notiflashmexiquense.com.mx\/index.php?rest_route=%2Fwp%2Fv2%2Fmedia&parent=11742"}],"wp:term":[{"taxonomy":"category","embeddable":true,"href":"https:\/\/www.notiflashmexiquense.com.mx\/index.php?rest_route=%2Fwp%2Fv2%2Fcategories&post=11742"},{"taxonomy":"post_tag","embeddable":true,"href":"https:\/\/www.notiflashmexiquense.com.mx\/index.php?rest_route=%2Fwp%2Fv2%2Ftags&post=11742"}],"curies":[{"name":"wp","href":"https:\/\/api.w.org\/{rel}","templated":true}]}}