{"id":11714,"date":"2023-02-12T03:52:42","date_gmt":"2023-02-12T03:52:42","guid":{"rendered":"https:\/\/www.notiflashmexiquense.com.mx\/?p=11714"},"modified":"2023-02-12T03:55:17","modified_gmt":"2023-02-12T03:55:17","slug":"los-corruptos-estan-en-la-lona-porque-tenemos-a-la-mejor-militancia-estamos-listos-para-la-batalla-delfina-gomez","status":"publish","type":"post","link":"https:\/\/www.notiflashmexiquense.com.mx\/?p=11714","title":{"rendered":"\u00abLos corruptos est\u00e1n en la lona porque tenemos a la mejor militancia, estamos listos para la batalla\u00bb : Delfina G\u00f3mez"},"content":{"rendered":"\n<p><strong>CHALCO<\/strong>, Estado de M\u00e9xico.- \u201cTenemos la mejor militancia, unida y m\u00e1s que decidida por el cambio que tanto hemos so\u00f1ado. Ganamos el primer round, los corruptos est\u00e1n en la lona y ahora estamos listos para dar la gran batalla y resolver los problemas de nuestro querido Estado de M\u00e9xico\u201d, lanz\u00f3 la maestra Delfina G\u00f3mez \u00c1lvarez, precandidata \u00fanica de MORENA a gobernadora del Estado de M\u00e9xico, en su pen\u00faltimo d\u00eda de precampa\u00f1a en la que ya acumula 350 mil simpatizantes y militantes reunidos.<\/p>\n\n\n\n<p>Delfina G\u00f3mez convoc\u00f3 a militantes y simpatizantes al cierre de precampa\u00f1a que se llevar\u00e1 a cabo en Texcoco.<\/p>\n\n\n\n<p>\u201cNecesitamos seguir trabajando porque esta es nuestra oportunidad, vamos a acabar con 100 a\u00f1os de corrupci\u00f3n y de oscuridad. Nos toca como militantes seguir fortaleciendo esa unidad para lograr nuestro objetivo\u201d, afirm\u00f3 la maestra Delfina G\u00f3mez.<\/p>\n\n\n\n<p>\u201cDemostraremos de qu\u00e9 lado est\u00e1 el anhelo de cambio en el Estado de M\u00e9xico, se les acab\u00f3 a los de siempre, somos muchos m\u00e1s los que queremos un cambio\u201d.<\/p>\n\n\n\n<p>En la Plaza C\u00edvica \u201cBenito Ju\u00e1rez\u201d, ante 5 mil simpatizantes, Delfina G\u00f3mez reiter\u00f3 que \u201cvamos requete bi\u00e9n, pero no hay que confiarnos porque los de all\u00e1, los conservadores, siempre van a querer una militancia como la que tenemos ac\u00e1\u201d.<\/p>\n\n\n\n<p>La maestra Delfina G\u00f3mez subray\u00f3 que entraremos a una etapa de intercampa\u00f1a y se comprometi\u00f3 a regresar.&nbsp;<\/p>\n\n\n\n<p>\u201cOtros quisieran tener la militancia que tenemos, as\u00ed que para m\u00ed es un orgullo contar con ustedes porque somos un ej\u00e9rcito de mujeres y hombres libres decididos a traer el cambio al Estado de M\u00e9xico\u201d, se\u00f1al\u00f3 en repetidas ocasiones la maestra Delfina G\u00f3mez.<\/p>\n\n\n\n<p>Entre muchas banderas y banderines rojinegras del PT, la precandidata \u00fanica de MORENA a gobernadora del Estado de M\u00e9xico, dijo que de verdad que va a haber muchos cambios, \u201cpor eso yo me sumo a lo que dicen los compa\u00f1eros, aprovechemos esta oportunidad hist\u00f3rica, aprovechemos esta oportunidad que tenemos para poder hacer un verdadero cambio\u201d.<\/p>\n\n\n\n<p>Mario Delgado Carrillo, presidente nacional de MORENA, recalc\u00f3 que \u201cya lleg\u00f3 ya est\u00e1 aqu\u00ed la que va a sacar a los del viejo r\u00e9gimen\u201d.<\/p>\n\n\n\n<p>\u201c\u00bfQu\u00e9 vamos a hacer en este mes y medio, lo que queda de febrero, y qu\u00e9 vamos hacer en marzo?\u2026 Seguir organiz\u00e1ndonos para estar listos para la campa\u00f1a\u201d, se\u00f1al\u00f3 Mario Delgado.<\/p>\n\n\n\n<p>La maestra Delfina G\u00f3mez cerrar\u00e1 su precampa\u00f1a ma\u00f1ana domingo a las 11:00 am en la sede de la Feria Internacional del Caballo, en Texcoco, municipio del que es originaria.<\/p>\n","protected":false},"excerpt":{"rendered":"<p>CHALCO, Estado de M&eacute;xico.- &ldquo;Tenemos la mejor militancia, unida y m&aacute;s que decidida por el&#8230;<\/p>\n","protected":false},"author":1,"featured_media":11715,"comment_status":"closed","ping_status":"closed","sticky":false,"template":"","format":"standard","meta":{"footnotes":""},"categories":[1],"tags":[],"class_list":["post-11714","post","type-post","status-publish","format-standard","has-post-thumbnail","hentry","category-noticias"],"_links":{"self":[{"href":"https:\/\/www.notiflashmexiquense.com.mx\/index.php?rest_route=\/wp\/v2\/posts\/11714","targetHints":{"allow":["GET"]}}],"collection":[{"href":"https:\/\/www.notiflashmexiquense.com.mx\/index.php?rest_route=\/wp\/v2\/posts"}],"about":[{"href":"https:\/\/www.notiflashmexiquense.com.mx\/index.php?rest_route=\/wp\/v2\/types\/post"}],"author":[{"embeddable":true,"href":"https:\/\/www.notiflashmexiquense.com.mx\/index.php?rest_route=\/wp\/v2\/users\/1"}],"replies":[{"embeddable":true,"href":"https:\/\/www.notiflashmexiquense.com.mx\/index.php?rest_route=%2Fwp%2Fv2%2Fcomments&post=11714"}],"version-history":[{"count":2,"href":"https:\/\/www.notiflashmexiquense.com.mx\/index.php?rest_route=\/wp\/v2\/posts\/11714\/revisions"}],"predecessor-version":[{"id":11717,"href":"https:\/\/www.notiflashmexiquense.com.mx\/index.php?rest_route=\/wp\/v2\/posts\/11714\/revisions\/11717"}],"wp:featuredmedia":[{"embeddable":true,"href":"https:\/\/www.notiflashmexiquense.com.mx\/index.php?rest_route=\/wp\/v2\/media\/11715"}],"wp:attachment":[{"href":"https:\/\/www.notiflashmexiquense.com.mx\/index.php?rest_route=%2Fwp%2Fv2%2Fmedia&parent=11714"}],"wp:term":[{"taxonomy":"category","embeddable":true,"href":"https:\/\/www.notiflashmexiquense.com.mx\/index.php?rest_route=%2Fwp%2Fv2%2Fcategories&post=11714"},{"taxonomy":"post_tag","embeddable":true,"href":"https:\/\/www.notiflashmexiquense.com.mx\/index.php?rest_route=%2Fwp%2Fv2%2Ftags&post=11714"}],"curies":[{"name":"wp","href":"https:\/\/api.w.org\/{rel}","templated":true}]}}