{"id":11641,"date":"2023-02-07T00:33:26","date_gmt":"2023-02-07T00:33:26","guid":{"rendered":"https:\/\/www.notiflashmexiquense.com.mx\/?p=11641"},"modified":"2023-02-07T00:33:30","modified_gmt":"2023-02-07T00:33:30","slug":"controlan-incendio-de-grua-en-naucalpan","status":"publish","type":"post","link":"https:\/\/www.notiflashmexiquense.com.mx\/?p=11641","title":{"rendered":"CONTROLAN INCENDIO DE GR\u00daA EN NAUCALPAN"},"content":{"rendered":"\n<ul class=\"wp-block-list\">\n<li>Un polic\u00eda municipal, el primer respondiente, enfrent\u00f3 las llamas con una manguera mientras llegaban los bomberos.<\/li>\n<\/ul>\n\n\n\n<p>Arriesgando su integridad f\u00edsica, un polic\u00eda municipal de Naucalpan control\u00f3 el incendi\u00f3 de una gr\u00faa que transportaba un veh\u00edculo en el fraccionamiento Los Fresnos, mientras llegaban al lugar los bomberos quienes extinguieron en su totalidad el fuego y dejaron el lugar sin riesgos para los vecinos.<\/p>\n\n\n\n<p>El Centro de Control, Comando, Comunicaciones y C\u00f3mputo de Naucalpan emiti\u00f3 el reporte de un probable incendio en calle Las Ca\u00f1adas esquina Acueducto en la referida comunidad, por lo que una unidad de la Direcci\u00f3n General de Seguridad Ciudadana y Movilidad Segura que realizaba sus rondines de vigilancia por la zona acudi\u00f3 en calidad de primer respondiente.<\/p>\n\n\n\n<p>Al llegar al sitio, los elementos de seguridad confirmaron que se trataba del incendio de una gr\u00faa de plataforma Ford S\u00faper Duty color blanca del Servicio P\u00fablico Federal que transportaba una camioneta negra, por lo que solicitaron el apoyo de los bomberos.<\/p>\n\n\n\n<p>El polic\u00eda primero Miguel \u00c1ngel Santiago Ambriz pidi\u00f3 una manguera a los vecinos para enfrentar las llamas logrando contener el fuego, al lugar arribaron las unidades 02, 53 y 58 de la Coordinaci\u00f3n Municipal de Protecci\u00f3n Civil y Bomberos.<\/p>\n\n\n\n<p>Los vulcanos concluyeron las labores para extinguir el fuego y dejaron el lugar libre de riesgos. Una de las residentes indic\u00f3 que solicit\u00f3 la gr\u00faa para mover su camioneta, pero cuando se retiraba, el veh\u00edculo de carga comenz\u00f3 a incendiarse y el conductor huy\u00f3.<\/p>\n","protected":false},"excerpt":{"rendered":"<p>Arriesgando su integridad f&iacute;sica, un polic&iacute;a municipal de Naucalpan control&oacute; el incendi&oacute; de una gr&uacute;a&#8230;<\/p>\n","protected":false},"author":1,"featured_media":11642,"comment_status":"closed","ping_status":"closed","sticky":false,"template":"","format":"standard","meta":{"footnotes":""},"categories":[45],"tags":[],"class_list":["post-11641","post","type-post","status-publish","format-standard","has-post-thumbnail","hentry","category-atizapan-de-zaragoza"],"_links":{"self":[{"href":"https:\/\/www.notiflashmexiquense.com.mx\/index.php?rest_route=\/wp\/v2\/posts\/11641","targetHints":{"allow":["GET"]}}],"collection":[{"href":"https:\/\/www.notiflashmexiquense.com.mx\/index.php?rest_route=\/wp\/v2\/posts"}],"about":[{"href":"https:\/\/www.notiflashmexiquense.com.mx\/index.php?rest_route=\/wp\/v2\/types\/post"}],"author":[{"embeddable":true,"href":"https:\/\/www.notiflashmexiquense.com.mx\/index.php?rest_route=\/wp\/v2\/users\/1"}],"replies":[{"embeddable":true,"href":"https:\/\/www.notiflashmexiquense.com.mx\/index.php?rest_route=%2Fwp%2Fv2%2Fcomments&post=11641"}],"version-history":[{"count":1,"href":"https:\/\/www.notiflashmexiquense.com.mx\/index.php?rest_route=\/wp\/v2\/posts\/11641\/revisions"}],"predecessor-version":[{"id":11643,"href":"https:\/\/www.notiflashmexiquense.com.mx\/index.php?rest_route=\/wp\/v2\/posts\/11641\/revisions\/11643"}],"wp:featuredmedia":[{"embeddable":true,"href":"https:\/\/www.notiflashmexiquense.com.mx\/index.php?rest_route=\/wp\/v2\/media\/11642"}],"wp:attachment":[{"href":"https:\/\/www.notiflashmexiquense.com.mx\/index.php?rest_route=%2Fwp%2Fv2%2Fmedia&parent=11641"}],"wp:term":[{"taxonomy":"category","embeddable":true,"href":"https:\/\/www.notiflashmexiquense.com.mx\/index.php?rest_route=%2Fwp%2Fv2%2Fcategories&post=11641"},{"taxonomy":"post_tag","embeddable":true,"href":"https:\/\/www.notiflashmexiquense.com.mx\/index.php?rest_route=%2Fwp%2Fv2%2Ftags&post=11641"}],"curies":[{"name":"wp","href":"https:\/\/api.w.org\/{rel}","templated":true}]}}