{"id":11635,"date":"2023-02-06T20:57:33","date_gmt":"2023-02-06T20:57:33","guid":{"rendered":"https:\/\/www.notiflashmexiquense.com.mx\/?p=11635"},"modified":"2023-02-06T20:57:38","modified_gmt":"2023-02-06T20:57:38","slug":"inaugura-angelica-moya-dos-arcotechos-escolares","status":"publish","type":"post","link":"https:\/\/www.notiflashmexiquense.com.mx\/?p=11635","title":{"rendered":"INAUGURA ANG\u00c9LICA MOYA DOS ARCOTECHOS ESCOLARES"},"content":{"rendered":"\n<ul class=\"wp-block-list\">\n<li>Las obras se efectuaron en primarias de Santa Cruz Acatl\u00e1n y Los Remedios.<\/li>\n<\/ul>\n\n\n\n<p>Porque la educaci\u00f3n y seguridad son prioridades del gobierno de Naucalpan, la alcaldesa Ang\u00e9lica Moya Mar\u00edn inaugur\u00f3 dos arcotechos escolares que tuvieron una inversi\u00f3n de casi 3 millones de pesos; de esta forma, se da resultados a los vecinos y se reconstruye Naucalpan tras la irresponsabilidad y corrupci\u00f3n de administraciones anteriores.<\/p>\n\n\n\n<p>Durante la gira de entrega de obras en los pueblos Santa Cruz Acatl\u00e1n y Los Remedios, la presidenta municipal destac\u00f3 que \u201cel orden financiero y la responsabilidad del gobierno municipal permiten restaurar la infraestructura p\u00fablica; en esta ocasi\u00f3n, brindamos las condiciones necesarias para que alumnos y profesores puedan estar en la escuela de manera segura\u201d.<\/p>\n\n\n\n<p>Apunt\u00f3 que, con el trabajo coordinado entre autoridades educativas, padres de familia y gobierno municipal se logr\u00f3 la construcci\u00f3n de arcotechos en las primarias \u2018Cuauht\u00e9moc\u2019, en Acatl\u00e1n, y \u201820 de Noviembre\u2019, en Los Remedios, que permiten proteger de las inclemencias del tiempo a mil 300 estudiantes mientras realizan actividades f\u00edsicas, recreativas y culturales en los patios escolares.<\/p>\n\n\n\n<p>La Direcci\u00f3n General de Obras P\u00fablicas inform\u00f3 que cada arcotecho tiene una dimensi\u00f3n de 400 metros cuadrados aproximadamente y requiri\u00f3 de una inversi\u00f3n de casi 1.5 millones de pesos; cuentan con cimentaci\u00f3n de concreto reforzado y estructura de acero; instalaci\u00f3n de cubierta autoportante arcotech; infraestructura para captaci\u00f3n pluvial e instalaci\u00f3n el\u00e9ctrica para iluminaci\u00f3n.<\/p>\n\n\n\n<p>Adem\u00e1s, en la primaria \u201820 de Noviembre\u2019 se incorpor\u00f3 mobiliario deportivo y aplic\u00f3 pintura antiderrapante en canchas de usos m\u00faltiples y techo; y en la \u2018Cuauht\u00e9moc\u2019 se coloc\u00f3 el asta bandera.<\/p>\n\n\n\n<p>Autoridades escolares de ambos planteles destacaron el compromiso de la alcaldesa Ang\u00e9lica Moya con la educaci\u00f3n y el haberlos tomado en cuenta para dignificar el espacio escolar, la \u201csegunda casa\u201d de las ni\u00f1as y ni\u00f1os, lo que contribuye a mejorar su desarrollo.<\/p>\n\n\n\n<p>En la primaria \u2018Cuauht\u00e9moc\u2019, la directora Nohem\u00ed Escalante Magdaleno, la supervisora de zona escolar Lourdes Ruiz Carbajal y la alumna Jocelyn S\u00e1nchez, expresaron su agradecimiento por la obra; en tanto en el plantel \u201820 de Noviembre\u2019 fueron el director Arturo Leyva Turrubiate, la supervisora de zona escolar Claudia Jim\u00e9nez Cruz y la estudiante Karla Lorena Caratachea Ramos.<\/p>\n","protected":false},"excerpt":{"rendered":"<p>Porque la educaci&oacute;n y seguridad son prioridades del gobierno de Naucalpan, la alcaldesa Ang&eacute;lica Moya&#8230;<\/p>\n","protected":false},"author":1,"featured_media":11636,"comment_status":"closed","ping_status":"closed","sticky":false,"template":"","format":"standard","meta":{"footnotes":""},"categories":[45],"tags":[],"class_list":["post-11635","post","type-post","status-publish","format-standard","has-post-thumbnail","hentry","category-atizapan-de-zaragoza"],"_links":{"self":[{"href":"https:\/\/www.notiflashmexiquense.com.mx\/index.php?rest_route=\/wp\/v2\/posts\/11635","targetHints":{"allow":["GET"]}}],"collection":[{"href":"https:\/\/www.notiflashmexiquense.com.mx\/index.php?rest_route=\/wp\/v2\/posts"}],"about":[{"href":"https:\/\/www.notiflashmexiquense.com.mx\/index.php?rest_route=\/wp\/v2\/types\/post"}],"author":[{"embeddable":true,"href":"https:\/\/www.notiflashmexiquense.com.mx\/index.php?rest_route=\/wp\/v2\/users\/1"}],"replies":[{"embeddable":true,"href":"https:\/\/www.notiflashmexiquense.com.mx\/index.php?rest_route=%2Fwp%2Fv2%2Fcomments&post=11635"}],"version-history":[{"count":1,"href":"https:\/\/www.notiflashmexiquense.com.mx\/index.php?rest_route=\/wp\/v2\/posts\/11635\/revisions"}],"predecessor-version":[{"id":11637,"href":"https:\/\/www.notiflashmexiquense.com.mx\/index.php?rest_route=\/wp\/v2\/posts\/11635\/revisions\/11637"}],"wp:featuredmedia":[{"embeddable":true,"href":"https:\/\/www.notiflashmexiquense.com.mx\/index.php?rest_route=\/wp\/v2\/media\/11636"}],"wp:attachment":[{"href":"https:\/\/www.notiflashmexiquense.com.mx\/index.php?rest_route=%2Fwp%2Fv2%2Fmedia&parent=11635"}],"wp:term":[{"taxonomy":"category","embeddable":true,"href":"https:\/\/www.notiflashmexiquense.com.mx\/index.php?rest_route=%2Fwp%2Fv2%2Fcategories&post=11635"},{"taxonomy":"post_tag","embeddable":true,"href":"https:\/\/www.notiflashmexiquense.com.mx\/index.php?rest_route=%2Fwp%2Fv2%2Ftags&post=11635"}],"curies":[{"name":"wp","href":"https:\/\/api.w.org\/{rel}","templated":true}]}}