{"id":11546,"date":"2023-02-01T01:13:45","date_gmt":"2023-02-01T01:13:45","guid":{"rendered":"https:\/\/www.notiflashmexiquense.com.mx\/?p=11546"},"modified":"2023-02-01T01:13:49","modified_gmt":"2023-02-01T01:13:49","slug":"no-debemos-ceder-si-las-cosas-salen-mal-hay-que-persistir-frank-dux","status":"publish","type":"post","link":"https:\/\/www.notiflashmexiquense.com.mx\/?p=11546","title":{"rendered":"NO DEBEMOS CEDER SI LAS COSAS SALEN MAL, HAY QUE PERSISTIR: FRANK DUX"},"content":{"rendered":"\n<ul class=\"wp-block-list\">\n<li>El artista marcial brind\u00f3 una conferencia a ni\u00f1as, ni\u00f1os y j\u00f3venes, organizada por el gobierno de Naucalpan.<\/li>\n<\/ul>\n\n\n\n<p>V\u00edctima del bullying desde peque\u00f1o por su discapacidad, el empresario, campe\u00f3n internacional e instructor de 22 artes marciales, Frank Dux motiv\u00f3 a ni\u00f1as, ni\u00f1os y j\u00f3venes naucalpenses a conseguir sus sue\u00f1os con persistencia, pasi\u00f3n y conocimiento, por lo que la alcaldesa Ang\u00e9lica Moya Mar\u00edn le agradeci\u00f3 compartir sus experiencias e impactar en la vida de nuevas generaciones.<\/p>\n\n\n\n<p>\u201cFrank Dux es una leyenda viviente que nos viene a dar testimonio de lo que ha logrado e innovado dentro de las artes marciales. El mensaje que quiero que se lleven hoy es la gran labor que tienen con ustedes mismos y las generaciones que vienen\u201d, se\u00f1al\u00f3 Ang\u00e9lica Moya durante la conferencia magistral de Dux en la Universidad del Valle de M\u00e9xico (UVM), campus Lomas Verdes.<\/p>\n\n\n\n<p>Indic\u00f3 que luego de vivir la pandemia, pareciera que las circunstancias son muy complicadas para los j\u00f3venes, pero asegur\u00f3 que su gobierno trabaja y se esfuerza para recuperar Naucalpan y que sus habitantes tengan una mejor vida.<\/p>\n\n\n\n<p>Por su parte, el rector de la UVM, Gilberto Ortiz Flores, agradeci\u00f3 al Instituto Municipal de Cultura F\u00edsica y Deporte de Naucalpan (IMCUFIDEN), acercar este tipo de actividades que conmueven la vida estudiantil, \u201carrancamos la posibilidad de hacer las cosas de manera distinta para formar personas productivas que agregan valor a la sociedad\u201d.<\/p>\n\n\n\n<p>De origen canadiense, Frank Dux relat\u00f3 que sus padres sobrevivieron al holocausto y que desde peque\u00f1o fue objeto de bullying por una discapacidad f\u00edsica en los pies. Ambas circunstancias, apunt\u00f3, fueron motivos \u201cpara no ceder por cosas peque\u00f1as que salieran mal, para persistir, innovar, aprender y siempre hacer lo que me apasiona\u201d.<\/p>\n\n\n\n<p>\u201cLas desventajas suelen ser ventajas sobre los dem\u00e1s y el \u00e9xito del ma\u00f1ana. Debido a la deformidad en mis pies fui el blanco de insultos de otros ni\u00f1os. Me hicieron fuerte e hice lo que mi coraz\u00f3n dec\u00eda que era lo correcto, lo que me apasiona. Si quieren ser exitosos, siempre tengan retos, no busquen la aprobaci\u00f3n de otros y sepan que el fracaso es el mejor maestro\u201d, apunt\u00f3 el experto marcial, quien inici\u00f3 esta pr\u00e1ctica a los 13 a\u00f1os<\/p>\n\n\n\n<p>Durante una conversaci\u00f3n de preguntas y respuestas, en la que destac\u00f3 la entusiasta participaci\u00f3n de peque\u00f1os alumnos de taekwondo y karate, Frank Dux narr\u00f3 a los asistentes que su trabajo tambi\u00e9n se enfoca en apoyar a ni\u00f1os, ni\u00f1as y j\u00f3venes con alg\u00fan tipo de discapacidad, a trav\u00e9s de la Organizaci\u00f3n Mundial por la Paz, e invit\u00f3 a los asistentes a sumarse en este tipo de acciones.<\/p>\n\n\n\n<p>Dux es instructor certificado en 22 diferentes artes marciales y disciplinas t\u00e1cticas defensivas; en 1980 cre\u00f3 el primer sistema americano de Ninjutsu, ahora conocido como Dux Ryu. Fue incluido dentro de los cinco mejores de todos los tiempos en el Sal\u00f3n de la Fama de las artes marciales. Estableci\u00f3 una filosof\u00eda de negocios cuyo objetivo es implementar y obtener soluciones sustentables para problemas sociales.<\/p>\n\n\n\n<p>En la conferencia magistral tambi\u00e9n estuvieron presentes: Edgar del Toro, presidente del Consejo Mundial de Artes Marciales; Francisco D\u00edaz Garc\u00eda, director Internacional de Dux Ryu System; Arturo Feregrino, director del IMCUFIDEN, y Arturo Cerezo Garc\u00eda, director de la Orquesta Sinf\u00f3nica de Naucalpan.<\/p>\n","protected":false},"excerpt":{"rendered":"<p>V&iacute;ctima del bullying desde peque&ntilde;o por su discapacidad, el empresario, campe&oacute;n internacional e instructor de&#8230;<\/p>\n","protected":false},"author":1,"featured_media":11547,"comment_status":"closed","ping_status":"closed","sticky":false,"template":"","format":"standard","meta":{"footnotes":""},"categories":[45],"tags":[],"class_list":["post-11546","post","type-post","status-publish","format-standard","has-post-thumbnail","hentry","category-atizapan-de-zaragoza"],"_links":{"self":[{"href":"https:\/\/www.notiflashmexiquense.com.mx\/index.php?rest_route=\/wp\/v2\/posts\/11546","targetHints":{"allow":["GET"]}}],"collection":[{"href":"https:\/\/www.notiflashmexiquense.com.mx\/index.php?rest_route=\/wp\/v2\/posts"}],"about":[{"href":"https:\/\/www.notiflashmexiquense.com.mx\/index.php?rest_route=\/wp\/v2\/types\/post"}],"author":[{"embeddable":true,"href":"https:\/\/www.notiflashmexiquense.com.mx\/index.php?rest_route=\/wp\/v2\/users\/1"}],"replies":[{"embeddable":true,"href":"https:\/\/www.notiflashmexiquense.com.mx\/index.php?rest_route=%2Fwp%2Fv2%2Fcomments&post=11546"}],"version-history":[{"count":1,"href":"https:\/\/www.notiflashmexiquense.com.mx\/index.php?rest_route=\/wp\/v2\/posts\/11546\/revisions"}],"predecessor-version":[{"id":11548,"href":"https:\/\/www.notiflashmexiquense.com.mx\/index.php?rest_route=\/wp\/v2\/posts\/11546\/revisions\/11548"}],"wp:featuredmedia":[{"embeddable":true,"href":"https:\/\/www.notiflashmexiquense.com.mx\/index.php?rest_route=\/wp\/v2\/media\/11547"}],"wp:attachment":[{"href":"https:\/\/www.notiflashmexiquense.com.mx\/index.php?rest_route=%2Fwp%2Fv2%2Fmedia&parent=11546"}],"wp:term":[{"taxonomy":"category","embeddable":true,"href":"https:\/\/www.notiflashmexiquense.com.mx\/index.php?rest_route=%2Fwp%2Fv2%2Fcategories&post=11546"},{"taxonomy":"post_tag","embeddable":true,"href":"https:\/\/www.notiflashmexiquense.com.mx\/index.php?rest_route=%2Fwp%2Fv2%2Ftags&post=11546"}],"curies":[{"name":"wp","href":"https:\/\/api.w.org\/{rel}","templated":true}]}}