{"id":11502,"date":"2023-01-28T01:48:49","date_gmt":"2023-01-28T01:48:49","guid":{"rendered":"https:\/\/www.notiflashmexiquense.com.mx\/?p=11502"},"modified":"2023-01-28T01:48:52","modified_gmt":"2023-01-28T01:48:52","slug":"los-ideales-de-millones-son-escuchados-y-nuestra-oportunidad-de-un-cambio-verdadero-delfina-gomez","status":"publish","type":"post","link":"https:\/\/www.notiflashmexiquense.com.mx\/?p=11502","title":{"rendered":"Los ideales de millones son escuchados y nuestra oportunidad de un cambio verdadero: Delfina G\u00f3mez"},"content":{"rendered":"\n<p>Amecameca, M\u00e9xico.- \u201cLos ideales de millones son escuchados y por ellos no debemos perder la oportunidad de un verdadero cambio. El Estado de M\u00e9xico est\u00e1 m\u00e1s fuerte que nunca y honraremos su larga historia comprometidos con el objetivo del cambio, la esperanza del cambio est\u00e1 de nuestro lado\u201d, afirm\u00f3 la maestra Delfina G\u00f3mez \u00c1lvarez, precandidata \u00fanica de MORENA para Gobernadora del Estado de M\u00e9xico.<\/p>\n\n\n\n<p>En Amecameca, con miles de simpatizantes y militantes de MORENA, la maestra Delfina G\u00f3mez reconoci\u00f3 a los millones de hombres y mujeres simpatizantes que apuestan por la transformaci\u00f3n y que recorren todo el estado para sumar a todas las voces.<\/p>\n\n\n\n<p>\u201cLo que me resta de vida no me va a alcanzar para agradecer tanto cari\u00f1o de las y los morenistas, pero sepan que la lucha por un mejor Estado de M\u00e9xico est\u00e1 m\u00e1s fuerte que nunca\u201d, expres\u00f3 G\u00f3mez \u00c1lvarez en emotivo discurso ante la militancia de Amecameca.<\/p>\n\n\n\n<p>\u201cY la gente se pregunta \u00bfesos qui\u00e9nes son? Somos Delfinianos de puro coraz\u00f3n\u201d, son\u00f3 con fulgor afuera de un centro de reuniones en la colonia Guadalupe<\/p>\n\n\n\n<p>Interrumpida constantemente por las porras y los halagos, la maestra Delfina G\u00f3mez se\u00f1al\u00f3 que esa efusividad es correspondida, escuchando a la militancia que acudi\u00f3 entre mujeres, adultos mayores, pueblos originarios y j\u00f3venes, sin excluir a nadie.<\/p>\n\n\n\n<p>\u201cHay que darle la oportunidad a las y los j\u00f3venes, porque ellos piden ser tomados en cuenta y tenemos el deber de abrirles la puerta a nuestros j\u00f3venes y sumarlos a esta oportunidad de cambio\u201d, afirm\u00f3 la maestra Delfina G\u00f3mez.<\/p>\n\n\n\n<p>En tanto, en su visita a militantes y simpatizantes de la colonia Valle de los Reyes, municipio de La Paz, la maestra Delfina G\u00f3mez explic\u00f3: \u201cHoy vengo a decirles que la maestra est\u00e1 m\u00e1s puesta que un calcet\u00edn. Que la maestra ya est\u00e1 deseosa de estar trabajando y que la maestra est\u00e1 agradecida por todo lo que han hecho ustedes\u201d.<\/p>\n\n\n\n<p>Luego de recorrer varias calles entre los morenistas que la vitoreaban y aplaud\u00edan, agradeci\u00f3 el apoyo de todas y todos, y dijo que est\u00e1n listos para la gran batalla.<\/p>\n\n\n\n<p>\u201cEstamos ya todos listos para esa gran batalla. Ahora, por estar en etapa de precampa\u00f1a vengo a ponerme a sus \u00f3rdenes, pero amenazo con regresar para caminar m\u00e1s calles y visibilizar pendientes en cada zona del municipio\u201d, se\u00f1al\u00f3 Delfina G\u00f3mez entre sonidos producidos por sonajas construidas por la militancia con botellas de pet y piedras.<\/p>\n\n\n\n<p>Juan Hugo de la Rosa, presidente nacional de Unidos Por Un Mejor Pa\u00eds, se\u00f1al\u00f3 que es necesario dejarle a las nuevas generaciones una vida m\u00e1s digna, y que la maestra Delfina G\u00f3mez representa esa oportunidad de cambio despu\u00e9s de casi un siglo de rezago y abandon\u00f3 en el estado.<\/p>\n\n\n\n<p>\u201cSin duda, es la gran oportunidad de cambio sobre todo porque tenemos en la maestra Delfina G\u00f3mez una mujer humilde, sencilla y honesta a toda prueba\u201d, expres\u00f3 De la Rosa Garc\u00eda.<\/p>\n\n\n\n<p>Tambi\u00e9n, De la Rosa dijo que ante la tentaci\u00f3n de vender la voluntad pol\u00edtica, debe ser m\u00e1s fuerte la motivaci\u00f3n de construir un mejor Estado de M\u00e9xico.<\/p>\n","protected":false},"excerpt":{"rendered":"<p>Amecameca, M&eacute;xico.- &ldquo;Los ideales de millones son escuchados y por ellos no debemos perder la&#8230;<\/p>\n","protected":false},"author":1,"featured_media":11503,"comment_status":"closed","ping_status":"closed","sticky":false,"template":"","format":"standard","meta":{"footnotes":""},"categories":[1],"tags":[],"class_list":["post-11502","post","type-post","status-publish","format-standard","has-post-thumbnail","hentry","category-noticias"],"_links":{"self":[{"href":"https:\/\/www.notiflashmexiquense.com.mx\/index.php?rest_route=\/wp\/v2\/posts\/11502","targetHints":{"allow":["GET"]}}],"collection":[{"href":"https:\/\/www.notiflashmexiquense.com.mx\/index.php?rest_route=\/wp\/v2\/posts"}],"about":[{"href":"https:\/\/www.notiflashmexiquense.com.mx\/index.php?rest_route=\/wp\/v2\/types\/post"}],"author":[{"embeddable":true,"href":"https:\/\/www.notiflashmexiquense.com.mx\/index.php?rest_route=\/wp\/v2\/users\/1"}],"replies":[{"embeddable":true,"href":"https:\/\/www.notiflashmexiquense.com.mx\/index.php?rest_route=%2Fwp%2Fv2%2Fcomments&post=11502"}],"version-history":[{"count":1,"href":"https:\/\/www.notiflashmexiquense.com.mx\/index.php?rest_route=\/wp\/v2\/posts\/11502\/revisions"}],"predecessor-version":[{"id":11504,"href":"https:\/\/www.notiflashmexiquense.com.mx\/index.php?rest_route=\/wp\/v2\/posts\/11502\/revisions\/11504"}],"wp:featuredmedia":[{"embeddable":true,"href":"https:\/\/www.notiflashmexiquense.com.mx\/index.php?rest_route=\/wp\/v2\/media\/11503"}],"wp:attachment":[{"href":"https:\/\/www.notiflashmexiquense.com.mx\/index.php?rest_route=%2Fwp%2Fv2%2Fmedia&parent=11502"}],"wp:term":[{"taxonomy":"category","embeddable":true,"href":"https:\/\/www.notiflashmexiquense.com.mx\/index.php?rest_route=%2Fwp%2Fv2%2Fcategories&post=11502"},{"taxonomy":"post_tag","embeddable":true,"href":"https:\/\/www.notiflashmexiquense.com.mx\/index.php?rest_route=%2Fwp%2Fv2%2Ftags&post=11502"}],"curies":[{"name":"wp","href":"https:\/\/api.w.org\/{rel}","templated":true}]}}