{"id":11436,"date":"2023-01-24T23:04:02","date_gmt":"2023-01-24T23:04:02","guid":{"rendered":"https:\/\/www.notiflashmexiquense.com.mx\/?p=11436"},"modified":"2023-01-24T23:04:05","modified_gmt":"2023-01-24T23:04:05","slug":"reintegran-a-su-hogar-a-joven-con-discapacidad-extraviado","status":"publish","type":"post","link":"https:\/\/www.notiflashmexiquense.com.mx\/?p=11436","title":{"rendered":"REINTEGRAN A SU HOGAR A JOVEN CON DISCAPACIDAD EXTRAVIADO"},"content":{"rendered":"\n<p>Elementos de la Direcci\u00f3n General de Seguridad Ciudadana y Tr\u00e1nsito Municipal de Naucalpan reintegraron con su familia a una persona con discapacidad intelectual, luego de encontrarla deambulando desorientada en el fraccionamiento La Florida.<\/p>\n\n\n\n<p>Durante un recorrido de vigilancia sobre Paseo de la Florida, polic\u00edas municipales detectaron que en la esquina con calle Lirios un hombre joven caminaba sin rumbo fijo y parec\u00eda desorientado, por lo que informaron al Centro de Control, Comando, Comunicaciones y C\u00f3mputo (C4) que verificar\u00edan la situaci\u00f3n de la persona, cumpliendo as\u00ed el Protocolo de Transparencia.<\/p>\n\n\n\n<p>Al entrevistarlo, el joven indic\u00f3 que su nombre es Jos\u00e9, tener 34 a\u00f1os y padecer epilepsia; al no poder proporcionar m\u00e1s datos, los elementos municipales investigaron si exist\u00eda alg\u00fan reporte sobre una persona no localizada con las mismas caracter\u00edsticas.<\/p>\n\n\n\n<p>Con el apoyo de la C\u00e9lula de B\u00fasqueda, se encontr\u00f3 en redes sociales una ficha con foto y descripci\u00f3n de un hombre desaparecido, que coincid\u00eda con el joven a quien se le brindaba apoyo, por lo que se llam\u00f3 al n\u00famero de contacto que se proporcionaba en la c\u00e9dula.<\/p>\n\n\n\n<p>Luego de comunicarse con la hermana del joven y acordar un punto de encuentro, los polic\u00edas municipales y los elementos especializados en la b\u00fasqueda de personas entregaron a Jos\u00e9 con su madre.<\/p>\n\n\n\n<p>En otra acci\u00f3n, elementos de la corporaci\u00f3n detuvieron en la colonia San Rafael a un joven de 22 a\u00f1os quien viajaba en una motocicleta Honda roja, por portar una r\u00e9plica de arma de fuego tipo Glock color negra, por lo que fue trasladado ante la Fiscal\u00eda Regional de Naucalpan para determinar su situaci\u00f3n jur\u00eddica.<\/p>\n","protected":false},"excerpt":{"rendered":"<p>Elementos de la Direcci&oacute;n General de Seguridad Ciudadana y Tr&aacute;nsito Municipal de Naucalpan reintegraron con&#8230;<\/p>\n","protected":false},"author":1,"featured_media":11437,"comment_status":"closed","ping_status":"closed","sticky":false,"template":"","format":"standard","meta":{"footnotes":""},"categories":[45],"tags":[],"class_list":["post-11436","post","type-post","status-publish","format-standard","has-post-thumbnail","hentry","category-atizapan-de-zaragoza"],"_links":{"self":[{"href":"https:\/\/www.notiflashmexiquense.com.mx\/index.php?rest_route=\/wp\/v2\/posts\/11436","targetHints":{"allow":["GET"]}}],"collection":[{"href":"https:\/\/www.notiflashmexiquense.com.mx\/index.php?rest_route=\/wp\/v2\/posts"}],"about":[{"href":"https:\/\/www.notiflashmexiquense.com.mx\/index.php?rest_route=\/wp\/v2\/types\/post"}],"author":[{"embeddable":true,"href":"https:\/\/www.notiflashmexiquense.com.mx\/index.php?rest_route=\/wp\/v2\/users\/1"}],"replies":[{"embeddable":true,"href":"https:\/\/www.notiflashmexiquense.com.mx\/index.php?rest_route=%2Fwp%2Fv2%2Fcomments&post=11436"}],"version-history":[{"count":1,"href":"https:\/\/www.notiflashmexiquense.com.mx\/index.php?rest_route=\/wp\/v2\/posts\/11436\/revisions"}],"predecessor-version":[{"id":11438,"href":"https:\/\/www.notiflashmexiquense.com.mx\/index.php?rest_route=\/wp\/v2\/posts\/11436\/revisions\/11438"}],"wp:featuredmedia":[{"embeddable":true,"href":"https:\/\/www.notiflashmexiquense.com.mx\/index.php?rest_route=\/wp\/v2\/media\/11437"}],"wp:attachment":[{"href":"https:\/\/www.notiflashmexiquense.com.mx\/index.php?rest_route=%2Fwp%2Fv2%2Fmedia&parent=11436"}],"wp:term":[{"taxonomy":"category","embeddable":true,"href":"https:\/\/www.notiflashmexiquense.com.mx\/index.php?rest_route=%2Fwp%2Fv2%2Fcategories&post=11436"},{"taxonomy":"post_tag","embeddable":true,"href":"https:\/\/www.notiflashmexiquense.com.mx\/index.php?rest_route=%2Fwp%2Fv2%2Ftags&post=11436"}],"curies":[{"name":"wp","href":"https:\/\/api.w.org\/{rel}","templated":true}]}}