{"id":11418,"date":"2023-01-23T07:51:43","date_gmt":"2023-01-23T07:51:43","guid":{"rendered":"https:\/\/www.notiflashmexiquense.com.mx\/?p=11418"},"modified":"2023-01-23T07:51:48","modified_gmt":"2023-01-23T07:51:48","slug":"la-esperanza-de-cambio-en-edomex-representa-un-cambio-humano-y-de-convivencia-delfina-gomez","status":"publish","type":"post","link":"https:\/\/www.notiflashmexiquense.com.mx\/?p=11418","title":{"rendered":"La esperanza de cambio en EdoM\u00e9x representa un cambio humano y de convivencia: Delfina G\u00f3mez"},"content":{"rendered":"\n<p>Almoloya, Estado de M\u00e9xico.- Ante miles de simpatizantes y militantes de MORENA y del Partido Verde Ecologista de M\u00e9xico (PVEM), la maestra Delfina G\u00f3mez,\u00a0 Precandidata \u00fanica de la alianza MORENA-PVEM-PT a la gubernatura del Estado de M\u00e9xico, afirm\u00f3 que la esperanza del cambio representa no solo un cambio social, sino humano y de convivencia con el entorno, por lo que declar\u00f3 que tiene la piel MORENA y el coraz\u00f3n VERDE.<\/p>\n\n\n\n<p>\u201cParte de la esperanza del cambio se basa en un cambio por nuestro entorno. No solo queremos un cambio, sino tambi\u00e9n queremos un cambio humano, de forma y de convivencia con el medio ambiente\u201d, expres\u00f3 Delfina G\u00f3mez ante m\u00e1s de 10 mil militantes y simpatizantes.<\/p>\n\n\n\n<p>Arropada por militantes del Partido Verde llamados \u201clos requeteamigos\u201d, la maestra Delfina G\u00f3mez lament\u00f3 el olvido de autoridades en torno al medio ambiente.<\/p>\n\n\n\n<p>A Almoloya de Ju\u00e1rez se dieron cita militantes y simpatizantes de toda la entidad y, ante ellos, la maestra Delfina G\u00f3mez afirm\u00f3 que las y los mexiquenses \u201ctenemos la piel MORENA y el coraz\u00f3n VERDE\u201d.<\/p>\n\n\n\n<p>El evento fue amenizado por los asistentes y reuni\u00f3 a personas ataviadas con playeras y chalecos del PVEM, de la llamada \u201cmarea verde\u201d. En este marco, Delfina G\u00f3mez hizo \u00e9nfasis en la situaci\u00f3n de pobreza que impera en la entidad.<\/p>\n\n\n\n<p>\u201cSi los de antes han dejado a la gente en el abandono y la pobreza, \u00bfqu\u00e9 atenci\u00f3n le pueden dar a nuestro medio ambiente?\u201d, se\u00f1al\u00f3 la maestra Delfina G\u00f3mez.<\/p>\n\n\n\n<p>Asimismo, Jos\u00e9 Couttolenc, presidente del PVEM en el Estado de M\u00e9xico, adelant\u00f3 que en el panorama est\u00e1n los adversarios, que van a hacer cualquier cosa para mantenerse en el poder. \u201cYa se saben derrotados. Y como dice nuestro presidente, esta transformaci\u00f3n se va a dar desde arriba hacia abajo, como se barren las escaleras\u201d.<\/p>\n\n\n\n<p>Frente a m\u00e1s de 10 mil verde ecologistas, \u201cPepe\u201d Couttolenc manifest\u00f3 que Delfina \u201ces la persona m\u00e1s congruente que he conocido en todos los partidos, a todos los niveles; mujer buena, sensible, echada para adelante y cercana a la gente. De la mano de nuestra Maestra, el tiempo del cambio en el Estado de M\u00e9xico\u201d.<\/p>\n\n\n\n<p>\u201cSomos cientos de militantes verdes con altas responsabilidades y espacios destacados en el Estado; todas las personas que representamos la fuerza verde y que hoy con mucho orgullo y alegr\u00eda nos sumamos a su campa\u00f1a para que nos d\u00e9 c\u00e1tedra de c\u00f3mo hacer pol\u00edtica\u201d, finaliz\u00f3.<\/p>\n\n\n\n<p>Momentos antes, tambi\u00e9n en medio de aplausos, el senador Higinio Mart\u00ednez, Delegado Especial de MORENA para el proceso electoral en el Estado de M\u00e9xico, destac\u00f3 la buena decisi\u00f3n que tomaron en MORENA, el Partido Verde y el PT de llevar como Precandidata a&nbsp; Delfina G\u00f3mez, quien representa la esperanza de cambio para las y los mexiquenses.<\/p>\n\n\n\n<p>\u201cA esta gran coalici\u00f3n se suman las propuestas, las ideas, y las tesis del Partido Verde, que las hemos recogido y que la maestra Delfina G\u00f3mez, por supuesto las defiende, como el programa del Partido Verde en materia social; pero m\u00e1s all\u00e1 de eso nos une la esperanza de cambio en el Estado de M\u00e9xico\u201d, apunt\u00f3.<\/p>\n\n\n\n<p>Con tambores, matracas y banderas de color verde, llegaron militantes y simpatizantes de varios municipios como Chalco, Temamatla, Tec\u00e1mac, Texcoco, Polotitl\u00e1n, Ocoyoacac, Villa del Carb\u00f3n, Nicol\u00e1s Romero, Tultitl\u00e1n, Ixtapaluca y Toluca, quienes gritaron al unisono \u201c\u00a1Delfina, Delfina, Delfina!\u201d, al tiempo que aplaudieron y le dedicaron varias porras.<\/p>\n\n\n\n<p>-\u201c\u00bfC\u00f3mo vamos?\u201d, pregunt\u00f3 el maestro de ceremonias.<\/p>\n\n\n\n<p>-\u201c\u00a1Vamos requete bien!\u201d, respondieron los mexiquenses del Partido Verde.<\/p>\n\n\n\n<p>La precandidata \u00fanica de MORENA, PVEM y PT, la maestra Delfina G\u00f3mez, estuvo acompa\u00f1ada por el doctor Higinio Mart\u00ednez, Delegado Especial de MORENA para el proceso electoral en el Estado de M\u00e9xico; por Jos\u00e9 Couttolenc, Presidente del PVEM en el Estado de M\u00e9xico; por \u00d3scar Gonz\u00e1lez Y\u00e1\u00f1ez, Dirigente del PT; y por la maestra Martha Guerrero, Dirigente Estatal de MORENA.<\/p>\n","protected":false},"excerpt":{"rendered":"<p>Almoloya, Estado de M&eacute;xico.- Ante miles de simpatizantes y militantes de MORENA y del Partido&#8230;<\/p>\n","protected":false},"author":1,"featured_media":11419,"comment_status":"closed","ping_status":"closed","sticky":false,"template":"","format":"standard","meta":{"footnotes":""},"categories":[1],"tags":[],"class_list":["post-11418","post","type-post","status-publish","format-standard","has-post-thumbnail","hentry","category-noticias"],"_links":{"self":[{"href":"https:\/\/www.notiflashmexiquense.com.mx\/index.php?rest_route=\/wp\/v2\/posts\/11418","targetHints":{"allow":["GET"]}}],"collection":[{"href":"https:\/\/www.notiflashmexiquense.com.mx\/index.php?rest_route=\/wp\/v2\/posts"}],"about":[{"href":"https:\/\/www.notiflashmexiquense.com.mx\/index.php?rest_route=\/wp\/v2\/types\/post"}],"author":[{"embeddable":true,"href":"https:\/\/www.notiflashmexiquense.com.mx\/index.php?rest_route=\/wp\/v2\/users\/1"}],"replies":[{"embeddable":true,"href":"https:\/\/www.notiflashmexiquense.com.mx\/index.php?rest_route=%2Fwp%2Fv2%2Fcomments&post=11418"}],"version-history":[{"count":1,"href":"https:\/\/www.notiflashmexiquense.com.mx\/index.php?rest_route=\/wp\/v2\/posts\/11418\/revisions"}],"predecessor-version":[{"id":11420,"href":"https:\/\/www.notiflashmexiquense.com.mx\/index.php?rest_route=\/wp\/v2\/posts\/11418\/revisions\/11420"}],"wp:featuredmedia":[{"embeddable":true,"href":"https:\/\/www.notiflashmexiquense.com.mx\/index.php?rest_route=\/wp\/v2\/media\/11419"}],"wp:attachment":[{"href":"https:\/\/www.notiflashmexiquense.com.mx\/index.php?rest_route=%2Fwp%2Fv2%2Fmedia&parent=11418"}],"wp:term":[{"taxonomy":"category","embeddable":true,"href":"https:\/\/www.notiflashmexiquense.com.mx\/index.php?rest_route=%2Fwp%2Fv2%2Fcategories&post=11418"},{"taxonomy":"post_tag","embeddable":true,"href":"https:\/\/www.notiflashmexiquense.com.mx\/index.php?rest_route=%2Fwp%2Fv2%2Ftags&post=11418"}],"curies":[{"name":"wp","href":"https:\/\/api.w.org\/{rel}","templated":true}]}}