{"id":11411,"date":"2023-01-22T21:35:52","date_gmt":"2023-01-22T21:35:52","guid":{"rendered":"https:\/\/www.notiflashmexiquense.com.mx\/?p=11411"},"modified":"2023-01-22T21:35:55","modified_gmt":"2023-01-22T21:35:55","slug":"detienen-a-conductor-por-homicidio-en-naucalpan","status":"publish","type":"post","link":"https:\/\/www.notiflashmexiquense.com.mx\/?p=11411","title":{"rendered":"DETIENEN A CONDUCTOR POR HOMICIDIO EN NAUCALPAN"},"content":{"rendered":"\n<ul class=\"wp-block-list\">\n<li>Probablemente estuvo involucrado en accidente donde muri\u00f3 un motociclista.<\/li>\n<\/ul>\n\n\n\n<p>Luego de dar seguimiento a trav\u00e9s del sistema de videovigilancia, elementos de la Polic\u00eda Municipal de Naucalpan detuvieron a un conductor de transporte p\u00fablico que probablemente estuvo involucrado en un accidente vial en avenida Primero de Mayo, colonia San Luis Tlatilco, donde perdi\u00f3 la vida un motociclista.<\/p>\n\n\n\n<p>La Direcci\u00f3n General de Seguridad Ciudadana y Tr\u00e1nsito Municipal de Naucalpan inform\u00f3 que el Centro de Control, Comando, Comunicaciones y C\u00f3mputo (C4) recibi\u00f3 el reporte del incidente, por lo que elementos de la corporaci\u00f3n acudieron al sitio referido.<\/p>\n\n\n\n<p>Los primeros respondientes solicitaron el apoyo de param\u00e9dicos de la Coordinaci\u00f3n Municipal de Protecci\u00f3n Civil y Bomberos, quienes al llegar al lugar para brindar los primeros auxilios a la persona accidentada, pero ya no contaba con signos vitales.<\/p>\n\n\n\n<p>A trav\u00e9s de las videograbaciones, el personal especializado del C4 logr\u00f3 ubicar el momento preciso en que se registr\u00f3 el accidente y dio seguimiento a la unidad de transporte p\u00fablico Toyota tipo Urban, la cual no se detuvo para auxiliar al lesionado y huy\u00f3 del lugar.<\/p>\n\n\n\n<p>Se detect\u00f3 que el veh\u00edculo continu\u00f3 por Primero de Mayo y dio vuelta en calle San Andr\u00e9s Atoto, posteriormente tom\u00f3 calzada San Esteban y Francisco I. Madero, donde los elementos de la Polic\u00eda Municipal lograron asegurar al conductor.<\/p>\n\n\n\n<p>Luego de explicarle el motivo de su detenci\u00f3n y sus derechos, Enrique &#8216;N&#8217; fue presentado ante la Fiscal\u00eda General de Justicia del Estado de M\u00e9xico, donde se inici\u00f3 una carpeta de investigaci\u00f3n por el delito de homicidio, para determinar su situaci\u00f3n jur\u00eddica.<\/p>\n","protected":false},"excerpt":{"rendered":"<p>Luego de dar seguimiento a trav&eacute;s del sistema de videovigilancia, elementos de la Polic&iacute;a Municipal&#8230;<\/p>\n","protected":false},"author":1,"featured_media":11413,"comment_status":"closed","ping_status":"closed","sticky":false,"template":"","format":"standard","meta":{"footnotes":""},"categories":[45],"tags":[],"class_list":["post-11411","post","type-post","status-publish","format-standard","has-post-thumbnail","hentry","category-atizapan-de-zaragoza"],"_links":{"self":[{"href":"https:\/\/www.notiflashmexiquense.com.mx\/index.php?rest_route=\/wp\/v2\/posts\/11411","targetHints":{"allow":["GET"]}}],"collection":[{"href":"https:\/\/www.notiflashmexiquense.com.mx\/index.php?rest_route=\/wp\/v2\/posts"}],"about":[{"href":"https:\/\/www.notiflashmexiquense.com.mx\/index.php?rest_route=\/wp\/v2\/types\/post"}],"author":[{"embeddable":true,"href":"https:\/\/www.notiflashmexiquense.com.mx\/index.php?rest_route=\/wp\/v2\/users\/1"}],"replies":[{"embeddable":true,"href":"https:\/\/www.notiflashmexiquense.com.mx\/index.php?rest_route=%2Fwp%2Fv2%2Fcomments&post=11411"}],"version-history":[{"count":1,"href":"https:\/\/www.notiflashmexiquense.com.mx\/index.php?rest_route=\/wp\/v2\/posts\/11411\/revisions"}],"predecessor-version":[{"id":11414,"href":"https:\/\/www.notiflashmexiquense.com.mx\/index.php?rest_route=\/wp\/v2\/posts\/11411\/revisions\/11414"}],"wp:featuredmedia":[{"embeddable":true,"href":"https:\/\/www.notiflashmexiquense.com.mx\/index.php?rest_route=\/wp\/v2\/media\/11413"}],"wp:attachment":[{"href":"https:\/\/www.notiflashmexiquense.com.mx\/index.php?rest_route=%2Fwp%2Fv2%2Fmedia&parent=11411"}],"wp:term":[{"taxonomy":"category","embeddable":true,"href":"https:\/\/www.notiflashmexiquense.com.mx\/index.php?rest_route=%2Fwp%2Fv2%2Fcategories&post=11411"},{"taxonomy":"post_tag","embeddable":true,"href":"https:\/\/www.notiflashmexiquense.com.mx\/index.php?rest_route=%2Fwp%2Fv2%2Ftags&post=11411"}],"curies":[{"name":"wp","href":"https:\/\/api.w.org\/{rel}","templated":true}]}}