{"id":11402,"date":"2023-01-15T20:18:00","date_gmt":"2023-01-15T20:18:00","guid":{"rendered":"https:\/\/www.notiflashmexiquense.com.mx\/?p=11402"},"modified":"2023-01-22T08:10:55","modified_gmt":"2023-01-22T08:10:55","slug":"que-no-se-equivoquen-vamos-con-todo-porque-en-edomex-habra-cambio-delfina-gomez","status":"publish","type":"post","link":"https:\/\/www.notiflashmexiquense.com.mx\/?p=11402","title":{"rendered":"Que no se equivoquen, vamos con todo porque en EdoMex habr\u00e1 cambio: Delfina G\u00f3mez"},"content":{"rendered":"\n<p><strong>NEZAHUALC\u00d3YOTL, Estado de M\u00e9xico.-<\/strong> La maestra <strong>Delfina G\u00f3mez \u00c1lvarez<\/strong>, precandidata \u00fanica de la alianza <strong>MORENA-PT y PVEM<\/strong> para el proceso electoral para la gubernatura del <strong>Estado de M\u00e9xico<\/strong>, advirti\u00f3 que a diferencia de 2017, no permitir\u00e1 que la voluntad del Pueblo sea ignorada, por ello desde hoy inicia un recorrido por los 125 municipios mexiquenses para hablar con militantes y simpatizantes.<\/p>\n\n\n\n<p>\u201cQue no se confundan, no se equivoquen, aqu\u00ed hay mucho equipo y estructura para darles, para enfrentarlo que viene, as\u00ed es que vamos para adelante, vamos con todo y yo s\u00e9 que es nuestra gran oportunidad de lograr el cambio\u00bb, se\u00f1al\u00f3 la maestra <strong>Delfina G\u00f3mez<\/strong>, arropada por el cari\u00f1o y respaldo de habitantes de <strong>Nezahualc\u00f3yotl<\/strong>.<\/p>\n\n\n\n<p>Ante unos 20 mil militantes y simpatizantes, y entre gritos de respaldo a su aspiraci\u00f3n, la maestra <strong>Delfina G\u00f3mez<\/strong> agradeci\u00f3 contar con un gran equipo, unido y tener el apoyo de la gente que conforma al movimiento de la 4T, as\u00ed como con los aliados sumados al amor y exigencia por un cambio.<\/p>\n\n\n\n<p>Acompa\u00f1ada por el Coordinador General de precampa\u00f1a, <strong>Horacio Duarte<\/strong>, y el Delegado Especial para el proceso electoral en el <strong>Estado de M\u00e9xico<\/strong>, <strong>Higinio Mart\u00ednez<\/strong>, as\u00ed como dirigentes locales y el l\u00edder nacional de <strong>MORENA<\/strong>, <strong>Mario Delgado<\/strong>, la maestra <strong>Delfina G\u00f3mez<\/strong> asegur\u00f3 que la rodea un gran equipo, sensible a las problem\u00e1ticas que aquejan a la entidad.<\/p>\n\n\n\n<p>Arropada tambi\u00e9n por dirigentes del <strong>PVEM<\/strong> y del <strong>PT<\/strong>, record\u00f3 las ocasiones que de ni\u00f1a visit\u00f3 <strong>Nezahualc\u00f3yotl<\/strong> para ir a casa de su abuelo y resalt\u00f3 que desde entonces esos recorridos le han permitido conocer de primera mano las necesidades, sentimientos y realidad que tiene la comunidad, y eso es lo que debe tener quien representa a <strong>MORENA<\/strong>, por ello en el tiempo que reste a la precampa\u00f1a visitar\u00e1 todos los municipios del <strong>Estado de M\u00e9xico<\/strong> para encontrarse con la militancia.<\/p>\n\n\n\n<p>Ante una militancia que como hace seis a\u00f1os se le entreg\u00f3 con aplausos, porras y v\u00edtores, que pudo tomarse la foto para el recuerdo y que le recalc\u00f3 su apoyo en la Explanada del Palacio Municipal de <strong>Nezahualc\u00f3yotl<\/strong>, la maestra <strong>Delfina G\u00f3mez<\/strong>, precandidata \u00fanica de la alianza <strong>MORENA-PT y PVEM<\/strong>, manifest\u00f3 su cari\u00f1o y agradecimiento por el amor de todos a este movimiento de cambio y transformaci\u00f3n.<\/p>\n\n\n\n<p>Dijo que esta alianza est\u00e1 construida por el pueblo, y que pronto dar\u00e1 una inolvidable lecci\u00f3n de dignidad: \u201cPorque la dignidad no se debe perder ante quienes no han querido ayudar al Pueblo, por eso estamos preparados y seguros de lo que viene y debemos hacer para cambiar esa realidad\u201d, expres\u00f3 la maestra <strong>Delfina G\u00f3mez<\/strong>.<\/p>\n\n\n\n<p>En su turno, el Coordinador General de la precampa\u00f1a, <strong>Horacio Duarte<\/strong>, dijo que \u201cestamos listos para hacer posible la transformaci\u00f3n\u201d.<\/p>\n\n\n\n<p>Al tomar la palabra y levantar las manos de quienes integran la alianza <strong>MORENA-PT-PVEM<\/strong>, el Delegado Especial para el proceso electoral en el <strong>Estado de M\u00e9xico<\/strong>, <strong>Higinio Mart\u00ednez<\/strong> coincidi\u00f3 en que est\u00e1n seguros que la gran mayor\u00eda se va a sumar a la gran decisi\u00f3n para apoyar a la maestra <strong>Delfina G\u00f3mez <\/strong>en este proceso interno, \u201cporque los bribones de siempre no pueden seguir al mando de la entidad\u201d.<\/p>\n\n\n\n<p>En su oportunidad el Dirigente Nacional de <strong>MORENA<\/strong>, <strong>Mario Delgado<\/strong> refiri\u00f3 que en 2018 se dio la revoluci\u00f3n de conciencias y hoy existe el gobierno que combate la corrupci\u00f3n y la maestra <strong>Delfina G\u00f3mez<\/strong> representa el cambio, por ello debe haber unidad ante todo.<\/p>\n\n\n\n<p>El dirigente del <strong>PVEM<\/strong>, <strong>Jos\u00e9 Couttolenc<\/strong> dijo estar convencido que la verdadera pol\u00edtica se hace desde el coraz\u00f3n para acabar con la corrupci\u00f3n y la opci\u00f3n es la maestra <strong>Delfina G\u00f3mez<\/strong>, porque 8 de cada 10 mexiquenses quieren el cambio, y eso lo saben nuestras militancias.<\/p>\n\n\n\n<p><strong>Norberto Rosales<\/strong>, coordinador estatal del PT, refiri\u00f3 que se ha creado la unidad para lograr la transformaci\u00f3n en el <strong>Estado de M\u00e9xico<\/strong> y manifest\u00f3 el apoyo total del petismo a la maestra <strong>Delfina G\u00f3mez \u00c1lvarez<\/strong>.<\/p>\n","protected":false},"excerpt":{"rendered":"<p>NEZAHUALC&Oacute;YOTL, Estado de M&eacute;xico.- La maestra Delfina G&oacute;mez &Aacute;lvarez, precandidata &uacute;nica de la alianza MORENA-PT&#8230;<\/p>\n","protected":false},"author":1,"featured_media":11403,"comment_status":"closed","ping_status":"closed","sticky":false,"template":"","format":"standard","meta":{"footnotes":""},"categories":[1],"tags":[],"class_list":["post-11402","post","type-post","status-publish","format-standard","has-post-thumbnail","hentry","category-noticias"],"_links":{"self":[{"href":"https:\/\/www.notiflashmexiquense.com.mx\/index.php?rest_route=\/wp\/v2\/posts\/11402","targetHints":{"allow":["GET"]}}],"collection":[{"href":"https:\/\/www.notiflashmexiquense.com.mx\/index.php?rest_route=\/wp\/v2\/posts"}],"about":[{"href":"https:\/\/www.notiflashmexiquense.com.mx\/index.php?rest_route=\/wp\/v2\/types\/post"}],"author":[{"embeddable":true,"href":"https:\/\/www.notiflashmexiquense.com.mx\/index.php?rest_route=\/wp\/v2\/users\/1"}],"replies":[{"embeddable":true,"href":"https:\/\/www.notiflashmexiquense.com.mx\/index.php?rest_route=%2Fwp%2Fv2%2Fcomments&post=11402"}],"version-history":[{"count":1,"href":"https:\/\/www.notiflashmexiquense.com.mx\/index.php?rest_route=\/wp\/v2\/posts\/11402\/revisions"}],"predecessor-version":[{"id":11404,"href":"https:\/\/www.notiflashmexiquense.com.mx\/index.php?rest_route=\/wp\/v2\/posts\/11402\/revisions\/11404"}],"wp:featuredmedia":[{"embeddable":true,"href":"https:\/\/www.notiflashmexiquense.com.mx\/index.php?rest_route=\/wp\/v2\/media\/11403"}],"wp:attachment":[{"href":"https:\/\/www.notiflashmexiquense.com.mx\/index.php?rest_route=%2Fwp%2Fv2%2Fmedia&parent=11402"}],"wp:term":[{"taxonomy":"category","embeddable":true,"href":"https:\/\/www.notiflashmexiquense.com.mx\/index.php?rest_route=%2Fwp%2Fv2%2Fcategories&post=11402"},{"taxonomy":"post_tag","embeddable":true,"href":"https:\/\/www.notiflashmexiquense.com.mx\/index.php?rest_route=%2Fwp%2Fv2%2Ftags&post=11402"}],"curies":[{"name":"wp","href":"https:\/\/api.w.org\/{rel}","templated":true}]}}