{"id":114,"date":"2021-02-06T07:06:56","date_gmt":"2021-02-06T07:06:56","guid":{"rendered":"https:\/\/www.notiflashmexiquense.com.mx\/?p=114"},"modified":"2021-02-06T07:06:57","modified_gmt":"2021-02-06T07:06:57","slug":"en-chicoloapan-gozamos-de-sana-convivencia-y-paz-social-nancy-gomez","status":"publish","type":"post","link":"https:\/\/www.notiflashmexiquense.com.mx\/?p=114","title":{"rendered":"En Chicoloapan gozamos de sana convivencia y paz social: Nancy G\u00f3mez"},"content":{"rendered":"\n<p>Hoy, la Presidente Municipal Nancy G\u00f3mez en compa\u00f1\u00eda del Secretario del Ayuntamiento y Regidores, presidi\u00f3 la ceremonia solemne para llevar a cabo la celebraci\u00f3n del \u201c104 Aniversario de la Constituci\u00f3n Pol\u00edtica de los Estados Unidos Mexicanos\u201d y \u201cPromulgaci\u00f3n de Bando Municipal 2021\u201d.<\/p>\n\n\n\n<p>La Alcalde solicit\u00f3 la colaboraci\u00f3n de toda la ciudadan\u00eda, para acatar las normas de respeto y responsabilidad que se establecen dentro del Bando Municipal, para as\u00ed mantener una sana convivencia y paz social, en estricto apego a legalidad.<\/p>\n\n\n\n<p>\u201cLos resultados los construimos todos\u201d<\/p>\n","protected":false},"excerpt":{"rendered":"<p>Hoy, la Presidente Municipal Nancy G&oacute;mez en compa&ntilde;&iacute;a del Secretario del Ayuntamiento y Regidores, presidi&oacute;&#8230;<\/p>\n","protected":false},"author":1,"featured_media":116,"comment_status":"closed","ping_status":"closed","sticky":false,"template":"","format":"standard","meta":{"footnotes":""},"categories":[1],"tags":[],"class_list":["post-114","post","type-post","status-publish","format-standard","has-post-thumbnail","hentry","category-noticias"],"_links":{"self":[{"href":"https:\/\/www.notiflashmexiquense.com.mx\/index.php?rest_route=\/wp\/v2\/posts\/114","targetHints":{"allow":["GET"]}}],"collection":[{"href":"https:\/\/www.notiflashmexiquense.com.mx\/index.php?rest_route=\/wp\/v2\/posts"}],"about":[{"href":"https:\/\/www.notiflashmexiquense.com.mx\/index.php?rest_route=\/wp\/v2\/types\/post"}],"author":[{"embeddable":true,"href":"https:\/\/www.notiflashmexiquense.com.mx\/index.php?rest_route=\/wp\/v2\/users\/1"}],"replies":[{"embeddable":true,"href":"https:\/\/www.notiflashmexiquense.com.mx\/index.php?rest_route=%2Fwp%2Fv2%2Fcomments&post=114"}],"version-history":[{"count":1,"href":"https:\/\/www.notiflashmexiquense.com.mx\/index.php?rest_route=\/wp\/v2\/posts\/114\/revisions"}],"predecessor-version":[{"id":117,"href":"https:\/\/www.notiflashmexiquense.com.mx\/index.php?rest_route=\/wp\/v2\/posts\/114\/revisions\/117"}],"wp:featuredmedia":[{"embeddable":true,"href":"https:\/\/www.notiflashmexiquense.com.mx\/index.php?rest_route=\/wp\/v2\/media\/116"}],"wp:attachment":[{"href":"https:\/\/www.notiflashmexiquense.com.mx\/index.php?rest_route=%2Fwp%2Fv2%2Fmedia&parent=114"}],"wp:term":[{"taxonomy":"category","embeddable":true,"href":"https:\/\/www.notiflashmexiquense.com.mx\/index.php?rest_route=%2Fwp%2Fv2%2Fcategories&post=114"},{"taxonomy":"post_tag","embeddable":true,"href":"https:\/\/www.notiflashmexiquense.com.mx\/index.php?rest_route=%2Fwp%2Fv2%2Ftags&post=114"}],"curies":[{"name":"wp","href":"https:\/\/api.w.org\/{rel}","templated":true}]}}