{"id":11399,"date":"2023-01-14T17:54:00","date_gmt":"2023-01-14T17:54:00","guid":{"rendered":"https:\/\/www.notiflashmexiquense.com.mx\/?p=11399"},"modified":"2023-01-22T08:03:42","modified_gmt":"2023-01-22T08:03:42","slug":"en-plaza-de-los-martires-en-toluca-arranca-precampana-delfina-gomez","status":"publish","type":"post","link":"https:\/\/www.notiflashmexiquense.com.mx\/?p=11399","title":{"rendered":"EN PLAZA DE LOS M\u00c1RTIRES EN TOLUCA ARRANCA PRECAMPA\u00d1A DELFINA G\u00d3MEZ"},"content":{"rendered":"\n<p>Toluca M\u00e9x.- Ante m\u00e1s de 10 mil militantes y simpatizantes, Delfina G\u00f3mez \u00c1lvarez, precandidata \u00fanica de la alianza MORENA-PT y Partido Verde arranc\u00f3 su precampa\u00f1a para el proceso electoral por la gubernatura del Estado de M\u00e9xico.<br>\u201cHan sido 100 a\u00f1os de una oscura noche, pero pronto el Pueblo mexiquense har\u00e1 que amanezca\u201d, expres\u00f3 la maestra Delfina G\u00f3mez en un emotivo discurso que pronunci\u00f3 ante 10 mil militantes y simpatizantes de la alianza pol\u00edtica.<br>En el arranque de campa\u00f1a, la maestra Delfina G\u00f3mez estuvo acompa\u00f1ada por Horacio Duarte Olivares, Coordinador General de precampa\u00f1a, Higinio Mart\u00ednez Miranda Delegado Especial del CEN de Morena en el Estado de M\u00e9xico, Mario Delgado Carrillo Dirigente Nacional de MORENA, Oscar Gonz\u00e1lez Y\u00e1\u00f1ez Dirigente del Partido del Trabajo y Jos\u00e9 Alberto Couttolenc Buentello Secretario General del Partido Verde, entre otros.<\/p>\n","protected":false},"excerpt":{"rendered":"<p>Toluca M&eacute;x.- Ante m&aacute;s de 10 mil militantes y simpatizantes, Delfina G&oacute;mez &Aacute;lvarez, precandidata &uacute;nica&#8230;<\/p>\n","protected":false},"author":1,"featured_media":11400,"comment_status":"closed","ping_status":"closed","sticky":false,"template":"","format":"standard","meta":{"footnotes":""},"categories":[1],"tags":[],"class_list":["post-11399","post","type-post","status-publish","format-standard","has-post-thumbnail","hentry","category-noticias"],"_links":{"self":[{"href":"https:\/\/www.notiflashmexiquense.com.mx\/index.php?rest_route=\/wp\/v2\/posts\/11399","targetHints":{"allow":["GET"]}}],"collection":[{"href":"https:\/\/www.notiflashmexiquense.com.mx\/index.php?rest_route=\/wp\/v2\/posts"}],"about":[{"href":"https:\/\/www.notiflashmexiquense.com.mx\/index.php?rest_route=\/wp\/v2\/types\/post"}],"author":[{"embeddable":true,"href":"https:\/\/www.notiflashmexiquense.com.mx\/index.php?rest_route=\/wp\/v2\/users\/1"}],"replies":[{"embeddable":true,"href":"https:\/\/www.notiflashmexiquense.com.mx\/index.php?rest_route=%2Fwp%2Fv2%2Fcomments&post=11399"}],"version-history":[{"count":1,"href":"https:\/\/www.notiflashmexiquense.com.mx\/index.php?rest_route=\/wp\/v2\/posts\/11399\/revisions"}],"predecessor-version":[{"id":11401,"href":"https:\/\/www.notiflashmexiquense.com.mx\/index.php?rest_route=\/wp\/v2\/posts\/11399\/revisions\/11401"}],"wp:featuredmedia":[{"embeddable":true,"href":"https:\/\/www.notiflashmexiquense.com.mx\/index.php?rest_route=\/wp\/v2\/media\/11400"}],"wp:attachment":[{"href":"https:\/\/www.notiflashmexiquense.com.mx\/index.php?rest_route=%2Fwp%2Fv2%2Fmedia&parent=11399"}],"wp:term":[{"taxonomy":"category","embeddable":true,"href":"https:\/\/www.notiflashmexiquense.com.mx\/index.php?rest_route=%2Fwp%2Fv2%2Fcategories&post=11399"},{"taxonomy":"post_tag","embeddable":true,"href":"https:\/\/www.notiflashmexiquense.com.mx\/index.php?rest_route=%2Fwp%2Fv2%2Ftags&post=11399"}],"curies":[{"name":"wp","href":"https:\/\/api.w.org\/{rel}","templated":true}]}}