{"id":11384,"date":"2023-01-20T20:01:46","date_gmt":"2023-01-20T20:01:46","guid":{"rendered":"https:\/\/www.notiflashmexiquense.com.mx\/?p=11384"},"modified":"2023-01-20T20:01:49","modified_gmt":"2023-01-20T20:01:49","slug":"policias-de-naucalpan-detienen-a-hombre-acusado-de-violacion","status":"publish","type":"post","link":"https:\/\/www.notiflashmexiquense.com.mx\/?p=11384","title":{"rendered":"POLIC\u00cdAS DE NAUCALPAN DETIENEN A HOMBRE ACUSADO DE VIOLACI\u00d3N"},"content":{"rendered":"\n<p>Cuando realizaban un recorrido de vigilancia, polic\u00edas municipales de Naucalpan atendieron la solicitud de apoyo de dos ciudadanos y detuvieron a un sujeto como probable responsable de violar a una mujer en la colonia Plan de Ayala Segunda Secci\u00f3n.<\/p>\n\n\n\n<p>De acuerdo con un reporte de la Direcci\u00f3n General de Seguridad Ciudadana y Tr\u00e1nsito Municipal, al circular por avenida Sierra Verde Himalaya, colonia Benito Ju\u00e1rez, los uniformados fueron interceptados por un hombre y una mujer a bordo de una motocicleta.<\/p>\n\n\n\n<p>La pareja indic\u00f3 que a unas cuadras de ah\u00ed, en la calle Alfredo del Mazo, un hombre hab\u00eda violado a una vecina; los elementos de seguridad acudieron a la direcci\u00f3n referida por los denunciantes, donde los vecinos intentaban sacar de una vivienda a Johnny \u2018N\u2019 de 19 a\u00f1os.<\/p>\n\n\n\n<p>Una de las mujeres que se encontraban en el lugar explic\u00f3 que su hermana, quien tambi\u00e9n renta una vivienda en el domicilio, fue v\u00edctima del delito de violaci\u00f3n cometido por el joven.<\/p>\n\n\n\n<p>Los polic\u00edas municipales dialogaron con el supuesto agresor y garantizaron su seguridad para luego ponerlo a disposici\u00f3n de la Agencia del Ministerio P\u00fablico Especializada en Violencia Familiar, Sexual y de G\u00e9nero, donde se determinar\u00e1 su situaci\u00f3n jur\u00eddica.<\/p>\n\n\n\n<p>La v\u00edctima recibi\u00f3 el apoyo de integrantes de la c\u00e9lula de la Polic\u00eda de G\u00e9nero, de acuerdo con las pol\u00edticas implementadas por el gobierno de la alcaldesa Ang\u00e9lica Moya Mar\u00edn para combatir, prevenir y erradicar la violencia contra las mujeres en la demarcaci\u00f3n.<\/p>\n","protected":false},"excerpt":{"rendered":"<p>Cuando realizaban un recorrido de vigilancia, polic&iacute;as municipales de Naucalpan atendieron la solicitud de apoyo&#8230;<\/p>\n","protected":false},"author":1,"featured_media":11385,"comment_status":"closed","ping_status":"closed","sticky":false,"template":"","format":"standard","meta":{"footnotes":""},"categories":[45],"tags":[],"class_list":["post-11384","post","type-post","status-publish","format-standard","has-post-thumbnail","hentry","category-atizapan-de-zaragoza"],"_links":{"self":[{"href":"https:\/\/www.notiflashmexiquense.com.mx\/index.php?rest_route=\/wp\/v2\/posts\/11384","targetHints":{"allow":["GET"]}}],"collection":[{"href":"https:\/\/www.notiflashmexiquense.com.mx\/index.php?rest_route=\/wp\/v2\/posts"}],"about":[{"href":"https:\/\/www.notiflashmexiquense.com.mx\/index.php?rest_route=\/wp\/v2\/types\/post"}],"author":[{"embeddable":true,"href":"https:\/\/www.notiflashmexiquense.com.mx\/index.php?rest_route=\/wp\/v2\/users\/1"}],"replies":[{"embeddable":true,"href":"https:\/\/www.notiflashmexiquense.com.mx\/index.php?rest_route=%2Fwp%2Fv2%2Fcomments&post=11384"}],"version-history":[{"count":1,"href":"https:\/\/www.notiflashmexiquense.com.mx\/index.php?rest_route=\/wp\/v2\/posts\/11384\/revisions"}],"predecessor-version":[{"id":11386,"href":"https:\/\/www.notiflashmexiquense.com.mx\/index.php?rest_route=\/wp\/v2\/posts\/11384\/revisions\/11386"}],"wp:featuredmedia":[{"embeddable":true,"href":"https:\/\/www.notiflashmexiquense.com.mx\/index.php?rest_route=\/wp\/v2\/media\/11385"}],"wp:attachment":[{"href":"https:\/\/www.notiflashmexiquense.com.mx\/index.php?rest_route=%2Fwp%2Fv2%2Fmedia&parent=11384"}],"wp:term":[{"taxonomy":"category","embeddable":true,"href":"https:\/\/www.notiflashmexiquense.com.mx\/index.php?rest_route=%2Fwp%2Fv2%2Fcategories&post=11384"},{"taxonomy":"post_tag","embeddable":true,"href":"https:\/\/www.notiflashmexiquense.com.mx\/index.php?rest_route=%2Fwp%2Fv2%2Ftags&post=11384"}],"curies":[{"name":"wp","href":"https:\/\/api.w.org\/{rel}","templated":true}]}}