{"id":11358,"date":"2023-01-16T18:59:01","date_gmt":"2023-01-16T18:59:01","guid":{"rendered":"https:\/\/www.notiflashmexiquense.com.mx\/?p=11358"},"modified":"2023-01-16T18:59:04","modified_gmt":"2023-01-16T18:59:04","slug":"atiende-pc-de-naucalpan-choque-entre-microbus-y-dos-automoviles","status":"publish","type":"post","link":"https:\/\/www.notiflashmexiquense.com.mx\/?p=11358","title":{"rendered":"ATIENDE PC DE NAUCALPAN CHOQUE ENTRE MICROB\u00daS Y DOS AUTOM\u00d3VILES"},"content":{"rendered":"\n<ul class=\"wp-block-list\">\n<li>Rescatan y dan primeros auxilios a 16 lesionados, tres personas pierden la vida.<\/li>\n<\/ul>\n\n\n\n<p>Elementos de Protecci\u00f3n Civil de Naucalpan rescataron y atendieron a 16 personas que resultaron lesionadas, luego de que un microb\u00fas de la Ruta 43 impact\u00f3 a dos autos particulares en Colinas de San Mateo, uno de los cuales fue arrastrado por la unidad de transporte p\u00fablico a una barranca. Tres personas perdieron la vida.<\/p>\n\n\n\n<p>La ma\u00f1ana de este lunes, el Centro de Control, Comando, Comunicaciones y Computo (C4) de Naucalpan recibi\u00f3 el reporte de un accidente en la referida comunidad, por lo que acudieron al lugar elementos de Seguridad Ciudadana y Tr\u00e1nsito Municipal as\u00ed como de la Coordinaci\u00f3n Municipal de Protecci\u00f3n Civil y Bomberos.<\/p>\n\n\n\n<p>Al llegar al sitio, integrantes de PC encontraron sobre avenida Las Presas un autom\u00f3vil rojo chocado y 10 metros adentro de la barranca de avenida Alcanfores un microb\u00fas y un autom\u00f3vil blanco que fue arrastrado por la unidad de transporte p\u00fablico luego de impactar al primer veh\u00edculo.<\/p>\n\n\n\n<p>Los elementos de protecci\u00f3n civil descendieron por la barranca para evaluar a los heridos y priorizar la atenci\u00f3n de acuerdo con la gravedad de las lesiones, para estabilizarlos y sacarlos de las unidades.<\/p>\n\n\n\n<p>Param\u00e9dicos de la dependencia trasladaron al Hospital de Traumatolog\u00eda y Ortopedia de Lomas Verdes a 11 personas de 49, 27, 34, 56, 39, 49, 27, 34, 56, 39 y 38 a\u00f1os, as\u00ed como a la Cruz Roja de Naucalpan a cinco personas de 40, 47, 79, y dos de 15 a\u00f1os.<\/p>\n","protected":false},"excerpt":{"rendered":"<p>Elementos de Protecci&oacute;n Civil de Naucalpan rescataron y atendieron a 16 personas que resultaron lesionadas,&#8230;<\/p>\n","protected":false},"author":1,"featured_media":11359,"comment_status":"closed","ping_status":"closed","sticky":false,"template":"","format":"standard","meta":{"footnotes":""},"categories":[45],"tags":[],"class_list":["post-11358","post","type-post","status-publish","format-standard","has-post-thumbnail","hentry","category-atizapan-de-zaragoza"],"_links":{"self":[{"href":"https:\/\/www.notiflashmexiquense.com.mx\/index.php?rest_route=\/wp\/v2\/posts\/11358","targetHints":{"allow":["GET"]}}],"collection":[{"href":"https:\/\/www.notiflashmexiquense.com.mx\/index.php?rest_route=\/wp\/v2\/posts"}],"about":[{"href":"https:\/\/www.notiflashmexiquense.com.mx\/index.php?rest_route=\/wp\/v2\/types\/post"}],"author":[{"embeddable":true,"href":"https:\/\/www.notiflashmexiquense.com.mx\/index.php?rest_route=\/wp\/v2\/users\/1"}],"replies":[{"embeddable":true,"href":"https:\/\/www.notiflashmexiquense.com.mx\/index.php?rest_route=%2Fwp%2Fv2%2Fcomments&post=11358"}],"version-history":[{"count":1,"href":"https:\/\/www.notiflashmexiquense.com.mx\/index.php?rest_route=\/wp\/v2\/posts\/11358\/revisions"}],"predecessor-version":[{"id":11360,"href":"https:\/\/www.notiflashmexiquense.com.mx\/index.php?rest_route=\/wp\/v2\/posts\/11358\/revisions\/11360"}],"wp:featuredmedia":[{"embeddable":true,"href":"https:\/\/www.notiflashmexiquense.com.mx\/index.php?rest_route=\/wp\/v2\/media\/11359"}],"wp:attachment":[{"href":"https:\/\/www.notiflashmexiquense.com.mx\/index.php?rest_route=%2Fwp%2Fv2%2Fmedia&parent=11358"}],"wp:term":[{"taxonomy":"category","embeddable":true,"href":"https:\/\/www.notiflashmexiquense.com.mx\/index.php?rest_route=%2Fwp%2Fv2%2Fcategories&post=11358"},{"taxonomy":"post_tag","embeddable":true,"href":"https:\/\/www.notiflashmexiquense.com.mx\/index.php?rest_route=%2Fwp%2Fv2%2Ftags&post=11358"}],"curies":[{"name":"wp","href":"https:\/\/api.w.org\/{rel}","templated":true}]}}