{"id":11343,"date":"2023-01-14T19:53:32","date_gmt":"2023-01-14T19:53:32","guid":{"rendered":"https:\/\/www.notiflashmexiquense.com.mx\/?p=11343"},"modified":"2023-01-14T19:53:33","modified_gmt":"2023-01-14T19:53:33","slug":"policia-de-naucalpan-detiene-a-sujeto-por-robo-en-transporte-publico","status":"publish","type":"post","link":"https:\/\/www.notiflashmexiquense.com.mx\/?p=11343","title":{"rendered":"POLIC\u00cdA DE NAUCALPAN DETIENE A SUJETO POR ROBO EN TRANSPORTE P\u00daBLICO"},"content":{"rendered":"\n<p>Luego de una persecuci\u00f3n a pie tierra, un elemento de la Polic\u00eda de Naucalpan detuvo a un sujeto de 40 a\u00f1os de edad como probable responsable de amagar con un cuchillo al chofer de una unidad del transporte p\u00fablico y llevarse el dinero con todo y \u2018marimba\u2019, en San Bartolo.<\/p>\n\n\n\n<p>Alrededor de las 8:00 horas de este viernes polic\u00edas municipales patrullaban la zona centro del municipio cuando un chofer de la Ruta 02 les inform\u00f3 que un sujeto que subi\u00f3 como pasajero lo amag\u00f3 con un cuchillo y se llev\u00f3 billetes y monedas que ten\u00eda en la \u2018marimba\u2019 de la unidad, que es una estructura en la que los conductores del transporte p\u00fablico acomodan el dinero de los pasajes.<\/p>\n\n\n\n<p>El robo se registr\u00f3 en avenida Jos\u00e9 Mar\u00eda Morelos, casi en su cruce con la v\u00eda Gustavo Baz y la calle 16 de Septiembre, uno de los polic\u00edas logr\u00f3 ubicar al sujeto metros adelante, corri\u00f3 detr\u00e1s de \u00e9l y logr\u00f3 detenerlo; en la mano izquierda le encontr\u00f3 un cuchillo y en la derecha la \u2018marimba\u2019 con el dinero.<\/p>\n\n\n\n<p>El detenido, que se identific\u00f3 como Gilberto \u2018N, de 40 a\u00f1os de edad, fue presentado ante el Ministerio P\u00fablico, que inici\u00f3 una carpeta de investigaci\u00f3n por su probable participaci\u00f3n en el delito de robo con violencia.<\/p>\n\n\n\n<p>En otro hecho, en Jardines de Sat\u00e9lite polic\u00edas de Naucalpan brindaron apoyo a una mujer que refiri\u00f3 que un hombre con arma de fuego la despoj\u00f3 de su veh\u00edculo, el cual contaba con GPS y fue recuperado en calle La Moneda, en la alcald\u00eda Miguel Hidalgo.<\/p>\n","protected":false},"excerpt":{"rendered":"<p>Luego de una persecuci&oacute;n a pie tierra, un elemento de la Polic&iacute;a de Naucalpan detuvo&#8230;<\/p>\n","protected":false},"author":1,"featured_media":11344,"comment_status":"closed","ping_status":"closed","sticky":false,"template":"","format":"standard","meta":{"footnotes":""},"categories":[45],"tags":[],"class_list":["post-11343","post","type-post","status-publish","format-standard","has-post-thumbnail","hentry","category-atizapan-de-zaragoza"],"_links":{"self":[{"href":"https:\/\/www.notiflashmexiquense.com.mx\/index.php?rest_route=\/wp\/v2\/posts\/11343","targetHints":{"allow":["GET"]}}],"collection":[{"href":"https:\/\/www.notiflashmexiquense.com.mx\/index.php?rest_route=\/wp\/v2\/posts"}],"about":[{"href":"https:\/\/www.notiflashmexiquense.com.mx\/index.php?rest_route=\/wp\/v2\/types\/post"}],"author":[{"embeddable":true,"href":"https:\/\/www.notiflashmexiquense.com.mx\/index.php?rest_route=\/wp\/v2\/users\/1"}],"replies":[{"embeddable":true,"href":"https:\/\/www.notiflashmexiquense.com.mx\/index.php?rest_route=%2Fwp%2Fv2%2Fcomments&post=11343"}],"version-history":[{"count":1,"href":"https:\/\/www.notiflashmexiquense.com.mx\/index.php?rest_route=\/wp\/v2\/posts\/11343\/revisions"}],"predecessor-version":[{"id":11345,"href":"https:\/\/www.notiflashmexiquense.com.mx\/index.php?rest_route=\/wp\/v2\/posts\/11343\/revisions\/11345"}],"wp:featuredmedia":[{"embeddable":true,"href":"https:\/\/www.notiflashmexiquense.com.mx\/index.php?rest_route=\/wp\/v2\/media\/11344"}],"wp:attachment":[{"href":"https:\/\/www.notiflashmexiquense.com.mx\/index.php?rest_route=%2Fwp%2Fv2%2Fmedia&parent=11343"}],"wp:term":[{"taxonomy":"category","embeddable":true,"href":"https:\/\/www.notiflashmexiquense.com.mx\/index.php?rest_route=%2Fwp%2Fv2%2Fcategories&post=11343"},{"taxonomy":"post_tag","embeddable":true,"href":"https:\/\/www.notiflashmexiquense.com.mx\/index.php?rest_route=%2Fwp%2Fv2%2Ftags&post=11343"}],"curies":[{"name":"wp","href":"https:\/\/api.w.org\/{rel}","templated":true}]}}