{"id":11298,"date":"2023-01-11T01:36:51","date_gmt":"2023-01-11T01:36:51","guid":{"rendered":"https:\/\/www.notiflashmexiquense.com.mx\/?p=11298"},"modified":"2023-01-11T01:36:52","modified_gmt":"2023-01-11T01:36:52","slug":"entregan-alcalde-pedro-rodriguez-y-dif-de-atizapan-de-zaragoza-1500-cobijas-apoyan-a-personas-vulnerables-en-temporada-invernal","status":"publish","type":"post","link":"https:\/\/www.notiflashmexiquense.com.mx\/?p=11298","title":{"rendered":"ENTREGAN ALCALDE PEDRO RODR\u00cdGUEZ Y DIF DE ATIZAP\u00c1N DE ZARAGOZA 1,500 COBIJAS; APOYAN A PERSONAS VULNERABLES EN TEMPORADA INVERNAL"},"content":{"rendered":"\n<p>El Presidente Municipal de Atizap\u00e1n de Zaragoza, Pedro Rodr\u00edguez Villegas, dio inicio al programa \u201cCobijando Atizap\u00e1n\u201d que tiene como objetivo apoyar a las familias m\u00e1s vulnerables y hacer frente al fr\u00edo que se ha presentado en todo el pa\u00eds.<\/p>\n\n\n\n<p>En la primera entrega 1,500 cobijas fueron entregadas en el Deportivo Finito L\u00f3pez, de la colonia Lomas de Guadalupe, en las Canchas de Usos M\u00faltiples de la Colonia Los Ahuehuetes y de Alfredo V. Bonfil.<\/p>\n\n\n\n<p>De acuerdo con el Edil, para reunir los insumos, sociedad y Gobierno hicieron un trabajo en equipo.<\/p>\n\n\n\n<p>\u201cAgradezco mucho a instituciones como la UNITEC y el Colegio Baden Powell por comenzar a formar en los j\u00f3venes esa labor altruista, esa labor de quien se desprende de algo para darlo a alguien m\u00e1s, y esta formaci\u00f3n que les damos a los j\u00f3venes les va a servir de por vida y que ayuden a la comunidad.<\/p>\n\n\n\n<p>\u201cQue no veamos nada m\u00e1s lo que cada quien est\u00e1 viviendo, sino que abramos los ojos hacia quienes m\u00e1s lo necesitan \u201c, dijo el Alcalde.<\/p>\n\n\n\n<p>Por su parte, Juana Mendoza Becerril, Directora del Sistema DIF municipal, explic\u00f3 que en la donaci\u00f3n de las cobijas tambi\u00e9n participaron trabajadores y \u00e1reas del Gobierno de Atizap\u00e1n de Zaragoza, algunas personas de forma particular, clubes de golf y empresas.<\/p>\n\n\n\n<p>Luego de la entrega de las primeras 1,500 cobijas en las colonias Lomas de Guadalupe, Ahuehuetes y Alfredo V. Bonfil, el presidente visitar\u00e1 ma\u00f1ana mi\u00e9rcoles otras dos comunidades.<\/p>\n\n\n\n<p>En apoyo a las y los ciudadanos m\u00e1s vulnerables en la demarcaci\u00f3n, el Sistema Municipal DIF tambi\u00e9n tiene a disposici\u00f3n los comedores comunitarios y en recorridos anteriores ha repartido despensas.<\/p>\n","protected":false},"excerpt":{"rendered":"<p>El Presidente Municipal de Atizap&aacute;n de Zaragoza, Pedro Rodr&iacute;guez Villegas, dio inicio al programa &ldquo;Cobijando&#8230;<\/p>\n","protected":false},"author":1,"featured_media":11299,"comment_status":"closed","ping_status":"closed","sticky":false,"template":"","format":"standard","meta":{"footnotes":""},"categories":[45],"tags":[],"class_list":["post-11298","post","type-post","status-publish","format-standard","has-post-thumbnail","hentry","category-atizapan-de-zaragoza"],"_links":{"self":[{"href":"https:\/\/www.notiflashmexiquense.com.mx\/index.php?rest_route=\/wp\/v2\/posts\/11298","targetHints":{"allow":["GET"]}}],"collection":[{"href":"https:\/\/www.notiflashmexiquense.com.mx\/index.php?rest_route=\/wp\/v2\/posts"}],"about":[{"href":"https:\/\/www.notiflashmexiquense.com.mx\/index.php?rest_route=\/wp\/v2\/types\/post"}],"author":[{"embeddable":true,"href":"https:\/\/www.notiflashmexiquense.com.mx\/index.php?rest_route=\/wp\/v2\/users\/1"}],"replies":[{"embeddable":true,"href":"https:\/\/www.notiflashmexiquense.com.mx\/index.php?rest_route=%2Fwp%2Fv2%2Fcomments&post=11298"}],"version-history":[{"count":1,"href":"https:\/\/www.notiflashmexiquense.com.mx\/index.php?rest_route=\/wp\/v2\/posts\/11298\/revisions"}],"predecessor-version":[{"id":11300,"href":"https:\/\/www.notiflashmexiquense.com.mx\/index.php?rest_route=\/wp\/v2\/posts\/11298\/revisions\/11300"}],"wp:featuredmedia":[{"embeddable":true,"href":"https:\/\/www.notiflashmexiquense.com.mx\/index.php?rest_route=\/wp\/v2\/media\/11299"}],"wp:attachment":[{"href":"https:\/\/www.notiflashmexiquense.com.mx\/index.php?rest_route=%2Fwp%2Fv2%2Fmedia&parent=11298"}],"wp:term":[{"taxonomy":"category","embeddable":true,"href":"https:\/\/www.notiflashmexiquense.com.mx\/index.php?rest_route=%2Fwp%2Fv2%2Fcategories&post=11298"},{"taxonomy":"post_tag","embeddable":true,"href":"https:\/\/www.notiflashmexiquense.com.mx\/index.php?rest_route=%2Fwp%2Fv2%2Ftags&post=11298"}],"curies":[{"name":"wp","href":"https:\/\/api.w.org\/{rel}","templated":true}]}}