{"id":11287,"date":"2023-01-10T06:42:58","date_gmt":"2023-01-10T06:42:58","guid":{"rendered":"https:\/\/www.notiflashmexiquense.com.mx\/?p=11287"},"modified":"2023-01-10T06:42:59","modified_gmt":"2023-01-10T06:42:59","slug":"gobierno-de-tlalnepantla-inicia-repavimentacion-de-22-mil-metros-cuadrados-de-la-avenida-ixtacala","status":"publish","type":"post","link":"https:\/\/www.notiflashmexiquense.com.mx\/?p=11287","title":{"rendered":"GOBIERNO DE TLALNEPANTLA INICIA REPAVIMENTACI\u00d3N DE 22 MIL METROS CUADRADOS DE LA AVENIDA IXTACALA"},"content":{"rendered":"\n<p>\u25cf Tony Rodr\u00edguez asegura que estos trabajos mejorar\u00e1n la imagen urbana y vialidad de esta zona de Los Reyes Ixtacala&nbsp;&nbsp;<\/p>\n\n\n\n<p>\u25cf Se destinar\u00e1 una inversi\u00f3n de 16 millones de pesos para los trabajos de bacheo y cambio del asfalto<\/p>\n\n\n\n<p><em>Tlalnepantla de Baz, Estado de M\u00e9xico, a 09 de enero de 2023<\/em>.-Con una inversi\u00f3n de 16 millones de pesos, el Presidente Municipal, Marco Antonio Rodr\u00edguez Hurtado dio el banderazo de salida a las obras de repavimentaci\u00f3n con concreto asf\u00e1ltico de 22 mil metros cuadrados de la avenida Ixtacala desde Radial Toltecas a R\u00edo de los Remedios, a fin de mejorar la imagen y la vialidad de esta zona de Tlalnepantla.<\/p>\n\n\n\n<p>Acompa\u00f1ado del Secretario del Ayuntamiento, Edmundo Ranero, de los directores de diversas \u00e1reas de Gobierno, de OPDM y Protecci\u00f3n Civil, adem\u00e1s de los regidores Teresa Gardu\u00f1o, Ver\u00f3nica Rocha, Nadya Navarro, y la s\u00edndica Yadira Campos, dijo que 2023 ser\u00e1 de mucho trabajo para su gobierno en el rescate de espacios p\u00fablicos que permita la dignificaci\u00f3n de los tlalnepantlenses, y resalt\u00f3 que el proyecto de repavimentaci\u00f3n de vialidades ha generado un impacto importante en la imagen del municipio.<\/p>\n\n\n\n<p>\u00abEstamos trabajando, seguimos sin parar en el rescate de espacios p\u00fablicos, en las vialidades, aqu\u00ed en esta vialidad de Los Reyes antes conocida como Manuel P\u00e9rez Gil, vamos tambi\u00e9n a revisar las luminarias, el tema de la jardiner\u00eda, la poda de los \u00e1rboles para que esta vialidad tenga una imagen distinta junto con la fuente y toda esta zona; adem\u00e1s de que pronto estaremos viendo otras calles de Los Reyes Ixtacala, con la finalidad de cambiar la imagen, as\u00ed como en todo el&nbsp;territorio municipal\u00bb, se\u00f1al\u00f3.<\/p>\n\n\n\n<p>Tony Rodr\u00edguez inform\u00f3 que en los pr\u00f3ximos d\u00edas continuar\u00e1 la entrega de arco techos, la pavimentaci\u00f3n con concreto hidr\u00e1ulico y otras calles con asfalto, y dar\u00e1 inicio la ejecuci\u00f3n y revisi\u00f3n del Programa de Obras del siguiente a\u00f1o, a mediados de este mes.<\/p>\n\n\n\n<p>El Alcalde pidi\u00f3 a su equipo de trabajo de las \u00e1reas de Obras P\u00fablicas, OPDM y Seguridad P\u00fablica y Tr\u00e1nsito Municipal coordinarse en estos trabajos de pavimentaci\u00f3n de la avenida Ixtacala donde a diario transitan miles de autom\u00f3viles, para avisar a la ciudadan\u00eda de que estar\u00e1 cerrada un tiempo.<\/p>\n\n\n\n<p>Por su parte, Luis Armando Dorado de Horta, Director de Obras P\u00fablicas municipal, inform\u00f3 que los trabajos consisten en atender 455 metros cuadrados de bacheo; 22 mil metros cuadrados de carpeta con concreto asf\u00e1ltico de seis cent\u00edmetros y medio; nivelaci\u00f3n de coladeras y registros; se\u00f1alamiento horizontal y vertical, as\u00ed como colocaci\u00f3n bieletas pl\u00e1sticas reflejantes.<\/p>\n\n\n\n<p>Refiri\u00f3 que para llevar a cabo estas tareas de repavimentaci\u00f3n, el Organismo P\u00fablico Descentralizado Municipal del Agua (OPDM), ya realiz\u00f3 la supervisi\u00f3n de la obra y verific\u00f3 que la red hidr\u00e1ulica y de drenaje no requiere reparaci\u00f3n.<\/p>\n\n\n\n<p>Con ello, abund\u00f3, \u00abvamos avanzando en su intensi\u00f3n, se\u00f1or Presidente, de mejorar la imagen del municipio\u00bb.<br>Dorado de Horta explic\u00f3 que hasta ahora se han repavimentado en su totalidad la avenida Ni\u00f1os H\u00e9roes en Valle Dorado; Radial Toltecas en Los Reyes Ixtacala; la lateral del Perif\u00e9rico en Valle de los Pinos, y continua en la avenida Ixtacala.<\/p>\n","protected":false},"excerpt":{"rendered":"<p>&#9679; Tony Rodr&iacute;guez asegura que estos trabajos mejorar&aacute;n la imagen urbana y vialidad de esta&#8230;<\/p>\n","protected":false},"author":1,"featured_media":11288,"comment_status":"closed","ping_status":"closed","sticky":false,"template":"","format":"standard","meta":{"footnotes":""},"categories":[45],"tags":[],"class_list":["post-11287","post","type-post","status-publish","format-standard","has-post-thumbnail","hentry","category-atizapan-de-zaragoza"],"_links":{"self":[{"href":"https:\/\/www.notiflashmexiquense.com.mx\/index.php?rest_route=\/wp\/v2\/posts\/11287","targetHints":{"allow":["GET"]}}],"collection":[{"href":"https:\/\/www.notiflashmexiquense.com.mx\/index.php?rest_route=\/wp\/v2\/posts"}],"about":[{"href":"https:\/\/www.notiflashmexiquense.com.mx\/index.php?rest_route=\/wp\/v2\/types\/post"}],"author":[{"embeddable":true,"href":"https:\/\/www.notiflashmexiquense.com.mx\/index.php?rest_route=\/wp\/v2\/users\/1"}],"replies":[{"embeddable":true,"href":"https:\/\/www.notiflashmexiquense.com.mx\/index.php?rest_route=%2Fwp%2Fv2%2Fcomments&post=11287"}],"version-history":[{"count":1,"href":"https:\/\/www.notiflashmexiquense.com.mx\/index.php?rest_route=\/wp\/v2\/posts\/11287\/revisions"}],"predecessor-version":[{"id":11289,"href":"https:\/\/www.notiflashmexiquense.com.mx\/index.php?rest_route=\/wp\/v2\/posts\/11287\/revisions\/11289"}],"wp:featuredmedia":[{"embeddable":true,"href":"https:\/\/www.notiflashmexiquense.com.mx\/index.php?rest_route=\/wp\/v2\/media\/11288"}],"wp:attachment":[{"href":"https:\/\/www.notiflashmexiquense.com.mx\/index.php?rest_route=%2Fwp%2Fv2%2Fmedia&parent=11287"}],"wp:term":[{"taxonomy":"category","embeddable":true,"href":"https:\/\/www.notiflashmexiquense.com.mx\/index.php?rest_route=%2Fwp%2Fv2%2Fcategories&post=11287"},{"taxonomy":"post_tag","embeddable":true,"href":"https:\/\/www.notiflashmexiquense.com.mx\/index.php?rest_route=%2Fwp%2Fv2%2Ftags&post=11287"}],"curies":[{"name":"wp","href":"https:\/\/api.w.org\/{rel}","templated":true}]}}