{"id":11247,"date":"2023-01-05T22:54:45","date_gmt":"2023-01-05T22:54:45","guid":{"rendered":"https:\/\/www.notiflashmexiquense.com.mx\/?p=11247"},"modified":"2023-01-05T22:54:46","modified_gmt":"2023-01-05T22:54:46","slug":"reciclan-en-naucalpan-arboles-de-navidad","status":"publish","type":"post","link":"https:\/\/www.notiflashmexiquense.com.mx\/?p=11247","title":{"rendered":"RECICLAN EN NAUCALPAN \u00c1RBOLES DE NAVIDAD"},"content":{"rendered":"\n<p>La Direcci\u00f3n General de Medio Ambiente de Naucalpan realizar\u00e1 la tradicional campa\u00f1a de acopio de \u00e1rboles de Navidad, con lo que evita que terminen en la basura, en la v\u00eda p\u00fablica o sean quemados y generen contaminaci\u00f3n, pues son utilizados para elaborar composta para enriquecer suelos.<\/p>\n\n\n\n<p>\u00abMe impresiona mucho la cultura que hay en Naucalpan del acopio de los \u00e1rboles de Navidad, es como una tradici\u00f3n, forma parte de una rutina en el naucalpense\u00bb, afirm\u00f3 Amaya Bern\u00e1rdez de la Granja, directora general de Medio Ambiente.<\/p>\n\n\n\n<p>Agreg\u00f3: \u00abLa campa\u00f1a inicia el 6 de enero y termina el 2 de febrero, de 9:00 a 15:00 horas. Todos los ciudadanos podr\u00e1n dejarnos sus arbolitos, tanto en la Direcci\u00f3n General de Medio Ambiente, ubicada en avenida Morelos n\u00famero 61, colonia Bosque de los Remedios, como en el Parque Naucalli, por la entrada por Lomas Verdes\u00bb.<\/p>\n\n\n\n<p>Bern\u00e1rdez de la Granja afirm\u00f3 que la alcaldesa Ang\u00e9lica Moya Mar\u00edn impulsa el reciclaje de los \u00e1rboles de Navidad, que se efect\u00faa en el municipio desde hace varios a\u00f1os con gran participaci\u00f3n de la poblaci\u00f3n, pues el a\u00f1o pasado fueron colectados m\u00e1s de mil 500.<\/p>\n\n\n\n<p>Mencion\u00f3 que \u00abnosotros aprovecharemos esos \u00e1rboles para triturarlos y formar composta con el fin de mejorar el suelo en diversos sitios de Naucalpan, sobre todo el Parque Nacional de Los Remedios, as\u00ed como otras \u00e1reas verdes\u201d.<\/p>\n\n\n\n<p>Dijo que la elaboraci\u00f3n de composta requiere de un tratamiento complejo, ya que \u00abutilizamos la madera triturada, le a\u00f1adimos composta que estamos obteniendo del Instituto Polit\u00e9cnico Nacional y tambi\u00e9n un poco de urea. Se deja orear y utilizamos eso para recuperar el suelo, como material, como abono. El suelo del municipio est\u00e1 muy erosionado\u00bb.<\/p>\n","protected":false},"excerpt":{"rendered":"<p>La Direcci&oacute;n General de Medio Ambiente de Naucalpan realizar&aacute; la tradicional campa&ntilde;a de acopio de&#8230;<\/p>\n","protected":false},"author":1,"featured_media":11248,"comment_status":"closed","ping_status":"closed","sticky":false,"template":"","format":"standard","meta":{"footnotes":""},"categories":[45],"tags":[],"class_list":["post-11247","post","type-post","status-publish","format-standard","has-post-thumbnail","hentry","category-atizapan-de-zaragoza"],"_links":{"self":[{"href":"https:\/\/www.notiflashmexiquense.com.mx\/index.php?rest_route=\/wp\/v2\/posts\/11247","targetHints":{"allow":["GET"]}}],"collection":[{"href":"https:\/\/www.notiflashmexiquense.com.mx\/index.php?rest_route=\/wp\/v2\/posts"}],"about":[{"href":"https:\/\/www.notiflashmexiquense.com.mx\/index.php?rest_route=\/wp\/v2\/types\/post"}],"author":[{"embeddable":true,"href":"https:\/\/www.notiflashmexiquense.com.mx\/index.php?rest_route=\/wp\/v2\/users\/1"}],"replies":[{"embeddable":true,"href":"https:\/\/www.notiflashmexiquense.com.mx\/index.php?rest_route=%2Fwp%2Fv2%2Fcomments&post=11247"}],"version-history":[{"count":1,"href":"https:\/\/www.notiflashmexiquense.com.mx\/index.php?rest_route=\/wp\/v2\/posts\/11247\/revisions"}],"predecessor-version":[{"id":11249,"href":"https:\/\/www.notiflashmexiquense.com.mx\/index.php?rest_route=\/wp\/v2\/posts\/11247\/revisions\/11249"}],"wp:featuredmedia":[{"embeddable":true,"href":"https:\/\/www.notiflashmexiquense.com.mx\/index.php?rest_route=\/wp\/v2\/media\/11248"}],"wp:attachment":[{"href":"https:\/\/www.notiflashmexiquense.com.mx\/index.php?rest_route=%2Fwp%2Fv2%2Fmedia&parent=11247"}],"wp:term":[{"taxonomy":"category","embeddable":true,"href":"https:\/\/www.notiflashmexiquense.com.mx\/index.php?rest_route=%2Fwp%2Fv2%2Fcategories&post=11247"},{"taxonomy":"post_tag","embeddable":true,"href":"https:\/\/www.notiflashmexiquense.com.mx\/index.php?rest_route=%2Fwp%2Fv2%2Ftags&post=11247"}],"curies":[{"name":"wp","href":"https:\/\/api.w.org\/{rel}","templated":true}]}}