{"id":11212,"date":"2023-01-01T20:50:31","date_gmt":"2023-01-01T20:50:31","guid":{"rendered":"https:\/\/www.notiflashmexiquense.com.mx\/?p=11212"},"modified":"2023-01-01T20:50:32","modified_gmt":"2023-01-01T20:50:32","slug":"construye-gobierno-de-atizapan-de-zaragoza-la-unidad-integral-de-proteccion-animal","status":"publish","type":"post","link":"https:\/\/www.notiflashmexiquense.com.mx\/?p=11212","title":{"rendered":"CONSTRUYE GOBIERNO DE ATIZAP\u00c1N DE ZARAGOZA LA UNIDAD INTEGRAL DE PROTECCI\u00d3N ANIMAL"},"content":{"rendered":"\n<p>El Presidente Municipal de Atizap\u00e1n de Zaragoza, Pedro Rodr\u00edguez Villegas, acudi\u00f3 a las instalaciones de la Coordinaci\u00f3n de Protecci\u00f3n Civil, Bomberos y Medio Ambiente para atestiguar el inicio de la construcci\u00f3n de la Unidad Integral de Protecci\u00f3n Animal que ofrecer\u00e1 mejores condiciones de vida a aquellos animales que, por alguna raz\u00f3n, llegan a la Estaci\u00f3n Central de Bomberos.<\/p>\n\n\n\n<p>El Director de Obras P\u00fablicas, \u00c9dgar David V\u00e1zquez Molina, detall\u00f3 que las proyecciones de estos trabajos en el Fraccionamiento Lomas de Atizap\u00e1n contemplan la construcci\u00f3n de un \u00e1rea administrativa, recepci\u00f3n, est\u00e9tica, adopci\u00f3n, residencia de perros, almac\u00e9n, m\u00f3dulos sanitarios, bodega, caseta de vigilancia, \u00e1reas comunes y estacionamiento. El periodo de ejecuci\u00f3n de la obra de infraestructura ser\u00e1 de 120 d\u00edas naturales.<\/p>\n\n\n\n<p>Ante representantes de agrupaciones defensoras de los derechos de los animales y de miembros del Cabildo, el Alcalde Pedro Rodr\u00edguez agradeci\u00f3 la confianza por generar acciones en favor de la vida animal porque, destac\u00f3, esos seres se convierten en una parte importante de las familias.<\/p>\n\n\n\n<p>\u201cNosotros ofrecimos dar cuidado a estas mascotas que se vuelven, en muy poco tiempo, miembros de la familia. Hoy damos inicio a este proyecto ambicioso que tiene el Gobierno de generar un \u00e1rea de protecci\u00f3n para estos caninos.<\/p>\n\n\n\n<p>\u201cEstos seres que nos brindan lealtad, cubren muchas veces un \u00e1rea de cari\u00f1o que a veces necesitamos y esa compa\u00f1\u00eda que muchas veces se requiere y hoy necesitan un espacio en donde los podamos cuidar, vacunar y dar la atenci\u00f3n que merecen\u201d, destac\u00f3 Rodr\u00edguez Villegas.<\/p>\n\n\n\n<p>Por su parte, el M\u00e9dico Veterinario Fernando Eli Muci\u00f1o Vargas, Jefe del Departamento de Protecci\u00f3n Animal, dijo que es satisfactorio presenciar que por segunda ocasi\u00f3n, ya como Presidente Municipal, el Alcalde Pedro Rodr\u00edguez muestra su apoyo y compromiso con las mascotas de la localidad.<\/p>\n\n\n\n<p>En otro apunte, destac\u00f3 que en el a\u00f1o 1989 se tuvo el \u00faltimo caso de una defunci\u00f3n por rabia en Atizap\u00e1n de Zaragoza.<\/p>\n\n\n\n<p>Al inicio de la obra asistieron el Doctor Rafael Cort\u00e9s Blancas, Jefe de la Jurisdicci\u00f3n Sanitaria de Atizap\u00e1n de Zaragoza, y el Epidemi\u00f3logo Miguel Fuentes, adscrito a esa misma dependencia.<\/p>\n\n\n\n<p>Tambi\u00e9n estuvieron presentes H\u00e9ctor Elorriaga Mej\u00eda, Coordinador Municipal de Protecci\u00f3n Civil, Bomberos y Medio Ambiente; Alejandro Ram\u00edrez Cienfuegos, Presidente de la Asociaci\u00f3n de Colonos de Lomas de Atizap\u00e1n; Grisel Tam\u00e9s, Tesorera de la Mesa de Residentes de Zona Esmeralda; y Mar\u00eda Esther Madrid, Tesorera de CIMA Esmeralda.<\/p>\n","protected":false},"excerpt":{"rendered":"<p>El Presidente Municipal de Atizap&aacute;n de Zaragoza, Pedro Rodr&iacute;guez Villegas, acudi&oacute; a las instalaciones de&#8230;<\/p>\n","protected":false},"author":1,"featured_media":11213,"comment_status":"closed","ping_status":"closed","sticky":false,"template":"","format":"standard","meta":{"footnotes":""},"categories":[45],"tags":[],"class_list":["post-11212","post","type-post","status-publish","format-standard","has-post-thumbnail","hentry","category-atizapan-de-zaragoza"],"_links":{"self":[{"href":"https:\/\/www.notiflashmexiquense.com.mx\/index.php?rest_route=\/wp\/v2\/posts\/11212","targetHints":{"allow":["GET"]}}],"collection":[{"href":"https:\/\/www.notiflashmexiquense.com.mx\/index.php?rest_route=\/wp\/v2\/posts"}],"about":[{"href":"https:\/\/www.notiflashmexiquense.com.mx\/index.php?rest_route=\/wp\/v2\/types\/post"}],"author":[{"embeddable":true,"href":"https:\/\/www.notiflashmexiquense.com.mx\/index.php?rest_route=\/wp\/v2\/users\/1"}],"replies":[{"embeddable":true,"href":"https:\/\/www.notiflashmexiquense.com.mx\/index.php?rest_route=%2Fwp%2Fv2%2Fcomments&post=11212"}],"version-history":[{"count":1,"href":"https:\/\/www.notiflashmexiquense.com.mx\/index.php?rest_route=\/wp\/v2\/posts\/11212\/revisions"}],"predecessor-version":[{"id":11214,"href":"https:\/\/www.notiflashmexiquense.com.mx\/index.php?rest_route=\/wp\/v2\/posts\/11212\/revisions\/11214"}],"wp:featuredmedia":[{"embeddable":true,"href":"https:\/\/www.notiflashmexiquense.com.mx\/index.php?rest_route=\/wp\/v2\/media\/11213"}],"wp:attachment":[{"href":"https:\/\/www.notiflashmexiquense.com.mx\/index.php?rest_route=%2Fwp%2Fv2%2Fmedia&parent=11212"}],"wp:term":[{"taxonomy":"category","embeddable":true,"href":"https:\/\/www.notiflashmexiquense.com.mx\/index.php?rest_route=%2Fwp%2Fv2%2Fcategories&post=11212"},{"taxonomy":"post_tag","embeddable":true,"href":"https:\/\/www.notiflashmexiquense.com.mx\/index.php?rest_route=%2Fwp%2Fv2%2Ftags&post=11212"}],"curies":[{"name":"wp","href":"https:\/\/api.w.org\/{rel}","templated":true}]}}